{"id":1886,"date":"2020-02-12T07:28:34","date_gmt":"2020-02-12T07:28:34","guid":{"rendered":"http:\/\/democraciaactiva.eu\/?p=1886"},"modified":"2020-02-12T07:38:19","modified_gmt":"2020-02-12T07:38:19","slug":"algesa-se-niega-a-responder-al-defensor-del-pueblo","status":"publish","type":"post","link":"https:\/\/democraciaactiva.eu\/?p=1886","title":{"rendered":"ALGESA se niega a responder al Defensor del Pueblo Andaluz"},"content":{"rendered":"\n<p>Tras varios a\u00f1os de silencio administrativo por parte de la empresa Actividades de Limpieza y Gesti\u00f3n S.A. (<strong>ALGESA<\/strong>), dependiente del Ayuntamiento de Algeciras, finalmente el Defensor del Pueblo Andaluz se ha visto obligado a certificar la <strong>\u00abactitud entorpecedora de esta autoridad\u00bb<\/strong><\/p>\n\n\n\n<p>Tras peticiones realizadas por miembros de esta Asociaci\u00f3n a\u00f1os atr\u00e1s, <strong>en relaci\u00f3n a las contrataciones realizadas en la empresa ALGESA<\/strong>, la empresa p\u00fablica nunca respondi\u00f3. Ello oblig\u00f3 a recurrir a la instituci\u00f3n del Defensor del Pueblo Andaluz como garante de los derechos ciudadanos, <strong>que tras reiteradas comunicaciones tanto verbales como escritas finalmente certifica la actitud entorpecedora de ALGESA<\/strong>. <\/p>\n\n\n\n<figure class=\"wp-block-image\"><img decoding=\"async\" loading=\"lazy\" width=\"700\" height=\"1024\" src=\"https:\/\/democraciaactiva.eu\/wp-content\/uploads\/2020\/02\/Defensor-700x1024.jpg\" alt=\"\" class=\"wp-image-1887\" srcset=\"https:\/\/democraciaactiva.eu\/wp-content\/uploads\/2020\/02\/Defensor-700x1024.jpg 700w, https:\/\/democraciaactiva.eu\/wp-content\/uploads\/2020\/02\/Defensor-205x300.jpg 205w, https:\/\/democraciaactiva.eu\/wp-content\/uploads\/2020\/02\/Defensor-768x1124.jpg 768w, https:\/\/democraciaactiva.eu\/wp-content\/uploads\/2020\/02\/Defensor.jpg 805w\" sizes=\"(max-width: 700px) 100vw, 700px\" \/><\/figure>\n\n\n\n<p>Lamentablemente no tiene capacidad para ir m\u00e1s all\u00e1 de la declaraci\u00f3n como entorpecedora de la actitud de esta empresa p\u00fablica en sus informes al Parlamento Andaluz, que ser\u00e1 publicada en el Bolet\u00edn Oficial correspondiente. Una vez m\u00e1s <strong>echamos en falta un r\u00e9gimen sancionador en los casos de incumplimientos en las administraciones p\u00fablicas, que provocan la indefensi\u00f3n de los ciudadanos ante la impunidad de la administraci\u00f3n.<\/strong><\/p>\n\n\n\n<p>No obstante, el Estatuto B\u00e1sico del Empleado P\u00fablico s\u00ed dispone de un <strong>procedimiento sancionador para los empleados que no cumplan con sus funciones<\/strong>, siendo evidente tras la certificaci\u00f3n de la oficina del Defensor del Pueblo Andaluz que as\u00ed viene siendo, incumpliendo algo tan b\u00e1sico como el<strong> derecho de todo ciudadano a recibir respuesta<\/strong>.<\/p>\n\n\n\n<p>Por ello desde la asociaci\u00f3n Defensa Ciudadana Activa nos dirigiremos al <strong>Ayuntamiento de Algeciras, como administraci\u00f3n p\u00fablica responsable<\/strong> en la citada empresa, a fin de conocer qui\u00e9n es el responsable de la negativa a obedecer la legislaci\u00f3n y <strong>qu\u00e9 procedimiento sancionador se llevar\u00e1 a cabo para corregir esta actitud<\/strong>.<\/p>\n","protected":false},"excerpt":{"rendered":"<div class=\"mh-excerpt\"><p>Tras varios a\u00f1os de silencio administrativo por parte de la empresa Actividades de Limpieza y Gesti\u00f3n S.A. (ALGESA), dependiente del Ayuntamiento de Algeciras, finalmente el <a class=\"mh-excerpt-more\" href=\"https:\/\/democraciaactiva.eu\/?p=1886\" title=\"ALGESA se niega a responder al Defensor del Pueblo Andaluz\">[&#8230;]<\/a><\/p>\n<\/div>","protected":false},"author":1,"featured_media":1887,"comment_status":"open","ping_status":"open","sticky":false,"template":"","format":"standard","meta":[],"categories":[1],"tags":[],"_links":{"self":[{"href":"https:\/\/democraciaactiva.eu\/index.php?rest_route=\/wp\/v2\/posts\/1886"}],"collection":[{"href":"https:\/\/democraciaactiva.eu\/index.php?rest_route=\/wp\/v2\/posts"}],"about":[{"href":"https:\/\/democraciaactiva.eu\/index.php?rest_route=\/wp\/v2\/types\/post"}],"author":[{"embeddable":true,"href":"https:\/\/democraciaactiva.eu\/index.php?rest_route=\/wp\/v2\/users\/1"}],"replies":[{"embeddable":true,"href":"https:\/\/democraciaactiva.eu\/index.php?rest_route=%2Fwp%2Fv2%2Fcomments&post=1886"}],"version-history":[{"count":4,"href":"https:\/\/democraciaactiva.eu\/index.php?rest_route=\/wp\/v2\/posts\/1886\/revisions"}],"predecessor-version":[{"id":1891,"href":"https:\/\/democraciaactiva.eu\/index.php?rest_route=\/wp\/v2\/posts\/1886\/revisions\/1891"}],"wp:featuredmedia":[{"embeddable":true,"href":"https:\/\/democraciaactiva.eu\/index.php?rest_route=\/wp\/v2\/media\/1887"}],"wp:attachment":[{"href":"https:\/\/democraciaactiva.eu\/index.php?rest_route=%2Fwp%2Fv2%2Fmedia&parent=1886"}],"wp:term":[{"taxonomy":"category","embeddable":true,"href":"https:\/\/democraciaactiva.eu\/index.php?rest_route=%2Fwp%2Fv2%2Fcategories&post=1886"},{"taxonomy":"post_tag","embeddable":true,"href":"https:\/\/democraciaactiva.eu\/index.php?rest_route=%2Fwp%2Fv2%2Ftags&post=1886"}],"curies":[{"name":"wp","href":"https:\/\/api.w.org\/{rel}","templated":true}]}}