{"id":188,"date":"2014-04-15T06:28:45","date_gmt":"2014-04-15T05:28:45","guid":{"rendered":"http:\/\/democraciaactiva.eu\/?p=188"},"modified":"2014-04-15T06:28:45","modified_gmt":"2014-04-15T05:28:45","slug":"informaran-sobre-el-incumplimiento-de-la-accesibilidad-en-espacios-publicos","status":"publish","type":"post","link":"https:\/\/democraciaactiva.eu\/?p=188","title":{"rendered":"Informar\u00e1n sobre el incumplimiento de la accesibilidad en espacios p\u00fablicos."},"content":{"rendered":"<p><a href=\"https:\/\/democraciaactiva.eu\/wp-content\/uploads\/2014\/04\/masdificil.jpg\"><img decoding=\"async\" loading=\"lazy\" class=\"aligncenter size-medium wp-image-189\" alt=\"OLYMPUS DIGITAL CAMERA\" src=\"https:\/\/democraciaactiva.eu\/wp-content\/uploads\/2014\/04\/masdificil-300x225.jpg\" width=\"300\" height=\"225\" \/><\/a><\/p>\n<p>La Asociaci\u00f3n Defensa Ciudadana Activa se encuentra realizando un informe sobre el incumplimiento de la normativa de accesibilidad en espacios p\u00fablicos, pese a que todos los proyectos deber\u00edan contemplar medidas que garanticen el acceso a todos.<\/p>\n<p>El colectivo inform\u00f3 de que ya se han realizado peticiones puntuales en varios municipios como Jimena, Algeciras o San Roque, aunque \u201csiendo evidente el incumplimiento de la normativa no se ha recibido respuesta, por lo que se informar\u00e1 a los \u00f3rganos competentes para la defensa del inter\u00e9s p\u00fablico\u201d.<\/p>\n<p>En opini\u00f3n de DCA \u201cpese al conocimiento de la administraci\u00f3n de la normativa es demasiado frecuente su incumplimiento. En ocasiones viene justificado por la orograf\u00eda del terreno o circunstancias de dif\u00edcil adaptaci\u00f3n, pero en la numerosas ocasiones hemos detectado que responden m\u00e1s a la consideraci\u00f3n de \u201csecundario\u201d del acceso a discapacitados.\u201d, denunciaron.<\/p>\n<p>En este sentido destacaron que \u201cal parecer las autoridades suelen considerar que permitiendo un acceso para discapacitados, aunque no se mantenga en condiciones o est\u00e9 apartado de los accesos principales es suficiente, y los ciudadanos no le piden una limosna, exigen sus derechos amparados en la legislaci\u00f3n vigente.\u201d<\/p>\n<p>Como ejemplo recordaron que la normativa exige que todo acceso peatonal sea complementado con una rampa y barandas con una altura determinada, \u201csin embargo las rampas se sit\u00faan s\u00f3lo en algunas zonas y en muchas ocasiones con pendientes insalvables para una persona sola, por lo que la normativa no se cumple en realidad.\u201d<\/p>\n<p><a href=\"https:\/\/democraciaactiva.eu\/wp-content\/uploads\/2014\/04\/Plaza-Mayor.jpg\"><img decoding=\"async\" loading=\"lazy\" class=\"aligncenter size-medium wp-image-190\" alt=\"Plaza Mayor\" src=\"https:\/\/democraciaactiva.eu\/wp-content\/uploads\/2014\/04\/Plaza-Mayor-300x225.jpg\" width=\"300\" height=\"225\" \/><\/a> <\/p>\n","protected":false},"excerpt":{"rendered":"<div class=\"mh-excerpt\"><p>La Asociaci\u00f3n Defensa Ciudadana Activa se encuentra realizando un informe sobre el incumplimiento de la normativa de accesibilidad en espacios p\u00fablicos, pese a que todos <a class=\"mh-excerpt-more\" href=\"https:\/\/democraciaactiva.eu\/?p=188\" title=\"Informar\u00e1n sobre el incumplimiento de la accesibilidad en espacios p\u00fablicos.\">[&#8230;]<\/a><\/p>\n<\/div>","protected":false},"author":1,"featured_media":0,"comment_status":"open","ping_status":"open","sticky":false,"template":"","format":"standard","meta":[],"categories":[12],"tags":[],"_links":{"self":[{"href":"https:\/\/democraciaactiva.eu\/index.php?rest_route=\/wp\/v2\/posts\/188"}],"collection":[{"href":"https:\/\/democraciaactiva.eu\/index.php?rest_route=\/wp\/v2\/posts"}],"about":[{"href":"https:\/\/democraciaactiva.eu\/index.php?rest_route=\/wp\/v2\/types\/post"}],"author":[{"embeddable":true,"href":"https:\/\/democraciaactiva.eu\/index.php?rest_route=\/wp\/v2\/users\/1"}],"replies":[{"embeddable":true,"href":"https:\/\/democraciaactiva.eu\/index.php?rest_route=%2Fwp%2Fv2%2Fcomments&post=188"}],"version-history":[{"count":0,"href":"https:\/\/democraciaactiva.eu\/index.php?rest_route=\/wp\/v2\/posts\/188\/revisions"}],"wp:attachment":[{"href":"https:\/\/democraciaactiva.eu\/index.php?rest_route=%2Fwp%2Fv2%2Fmedia&parent=188"}],"wp:term":[{"taxonomy":"category","embeddable":true,"href":"https:\/\/democraciaactiva.eu\/index.php?rest_route=%2Fwp%2Fv2%2Fcategories&post=188"},{"taxonomy":"post_tag","embeddable":true,"href":"https:\/\/democraciaactiva.eu\/index.php?rest_route=%2Fwp%2Fv2%2Ftags&post=188"}],"curies":[{"name":"wp","href":"https:\/\/api.w.org\/{rel}","templated":true}]}}