{"id":1873,"date":"2019-12-13T13:11:02","date_gmt":"2019-12-13T13:11:02","guid":{"rendered":"http:\/\/democraciaactiva.eu\/?p=1873"},"modified":"2019-12-14T09:31:41","modified_gmt":"2019-12-14T09:31:41","slug":"aapp-tramitaran-solo-a-golpe-de-reclamacion","status":"publish","type":"post","link":"https:\/\/democraciaactiva.eu\/?p=1873","title":{"rendered":"AAPP tramitan s\u00f3lo a golpe de reclamaci\u00f3n"},"content":{"rendered":"\n<p>Es el ejemplo que est\u00e1 dando estos d\u00edas el Ayuntamiento de Los Barrios (C\u00e1diz), aunque <strong>en la pr\u00e1ctica lleva a\u00f1os sucediendo tambi\u00e9n en el resto<\/strong> de municipios de la comarca, por no decir del pa\u00eds, adem\u00e1s de la propia Diputaci\u00f3n Provincial.<\/p>\n\n\n\n<p>El caso es que se presenten las solicitudes cuando se presenten, <strong>se archivan al parecer cuidadosamente en un caj\u00f3n hasta que llegue alguna reclamaci\u00f3n del Consejo de Transparencia<\/strong>, como en estos casos m\u00e1s de un a\u00f1o despu\u00e9s. Entonces se dan por recibidas y se comienza la tramitaci\u00f3n, que adem\u00e1s se puede paralizar un mes por la complejidad del asunto&#8230; \u00bfy as\u00ed tenemos que considerar una administraci\u00f3n como \u00abp\u00fablica\u00bb?<\/p>\n\n\n\n<p>Por poner un ejemplo concreto (hay m\u00e1s pero son id\u00e9nticos al seguir el protocolo anteriormente descrito),<strong> el 21 de agosto de 2018 se recibe en el Ayuntamiento una Solicitud de Informaci\u00f3n P\u00fablica<\/strong>, que no puede confundirse porque, expresamente, se cita en el \u00abSOLICITA\u00bb que hablamos de \u00abcopia de documentaci\u00f3n administrativa\u00bb.<\/p>\n\n\n\n<figure class=\"wp-block-image\"><img decoding=\"async\" loading=\"lazy\" width=\"681\" height=\"1024\" src=\"https:\/\/democraciaactiva.eu\/wp-content\/uploads\/2019\/12\/18720-1-681x1024.jpg\" alt=\"\" class=\"wp-image-1881\" srcset=\"https:\/\/democraciaactiva.eu\/wp-content\/uploads\/2019\/12\/18720-1-681x1024.jpg 681w, https:\/\/democraciaactiva.eu\/wp-content\/uploads\/2019\/12\/18720-1-200x300.jpg 200w, https:\/\/democraciaactiva.eu\/wp-content\/uploads\/2019\/12\/18720-1-768x1154.jpg 768w, https:\/\/democraciaactiva.eu\/wp-content\/uploads\/2019\/12\/18720-1.jpg 787w\" sizes=\"(max-width: 681px) 100vw, 681px\" \/><\/figure>\n\n\n\n<p><strong>Meses despu\u00e9s se inicia el tr\u00e1mite de reclamaci\u00f3n al Consejo de Transparencia <\/strong>y Protecci\u00f3n de Datos de Andaluc\u00eda que a su vez hace llegar a la administraci\u00f3n noticia de que se inicia la reclamaci\u00f3n para que informe los motivos por los que no ha contestado en tiempo y forma.<\/p>\n\n\n\n<p>\u00bfQu\u00e9 hace entonces la supuesta Administraci\u00f3n p\u00fablica?&#8230; pues da por recibida en ese momento la solicitud (un a\u00f1o y 3 meses despu\u00e9s de recibir en su propio registro electr\u00f3nico la original) <strong>e inicia lo que considera el procedimiento para responder enviando la solicitud a los \u00f3rganos competentes el 12 de diciembre de 2019<\/strong>&#8230; \u00bfy qu\u00e9 ha pasado con la solicitud durante el a\u00f1o anterior?, \u00bf<strong>no hay responsables de su tramitaci\u00f3n que han estado cobrando su n\u00f3mina todos estos meses sin hacer su trabajo<\/strong>?, \u00bfalguna explicaci\u00f3n para que no lo vieran?<\/p>\n\n\n\n<figure class=\"wp-block-image\"><img decoding=\"async\" loading=\"lazy\" width=\"688\" height=\"1024\" src=\"https:\/\/democraciaactiva.eu\/wp-content\/uploads\/2019\/12\/Inicio-expediente-1-688x1024.jpg\" alt=\"\" class=\"wp-image-1882\" srcset=\"https:\/\/democraciaactiva.eu\/wp-content\/uploads\/2019\/12\/Inicio-expediente-1-688x1024.jpg 688w, https:\/\/democraciaactiva.eu\/wp-content\/uploads\/2019\/12\/Inicio-expediente-1-202x300.jpg 202w, https:\/\/democraciaactiva.eu\/wp-content\/uploads\/2019\/12\/Inicio-expediente-1-768x1143.jpg 768w, https:\/\/democraciaactiva.eu\/wp-content\/uploads\/2019\/12\/Inicio-expediente-1.jpg 786w\" sizes=\"(max-width: 688px) 100vw, 688px\" \/><\/figure>\n\n\n\n<p>Para colmo quien firma la notificaci\u00f3n <strong>no tiene competencias para firmar documentos que afecten a terceros, al ser una concejal con Delegaci\u00f3n espec\u00edfica que no incluye en su nombramiento estos actos, <\/strong>pero imaginamos que tiene que justificar su salario p\u00fablico de alguna manera.<\/p>\n\n\n\n<p>Ahora falta saber, siguiendo el protocolo marcado por la directiva de DCA, <strong>qui\u00e9nes son los responsables del retraso de m\u00e1s de un a\u00f1o (desde el 21 de agosto de 2018 al 12 de diciembre de 2019) en la tramitaci\u00f3n del expediente y qu\u00e9 consecuencias tendr\u00e1 conforme al r\u00e9gimen sancionador del Estatuto B\u00e1sico del Empleado P\u00fablico<\/strong>, en su caso.<\/p>\n\n\n\n<p>Como muestra de lo sistem\u00e1tico que es <strong>el protocolo de \u00abno respuesta\u00bb<\/strong> y la confusi\u00f3n que impera en esta administraci\u00f3n, cuando se solicita informaci\u00f3n (no copia de documentaci\u00f3n alguna) como en la siguiente solicitud, <strong>no es aplicable la Ley de Transparencia<\/strong>, por lo que recurrimos al Defensor del Pueblo para obtener la obligada respuesta.<\/p>\n\n\n\n<figure class=\"wp-block-image\"><img decoding=\"async\" loading=\"lazy\" width=\"652\" height=\"1024\" src=\"https:\/\/democraciaactiva.eu\/wp-content\/uploads\/2019\/12\/18719-2-652x1024.jpg\" alt=\"\" class=\"wp-image-1879\" srcset=\"https:\/\/democraciaactiva.eu\/wp-content\/uploads\/2019\/12\/18719-2-652x1024.jpg 652w, https:\/\/democraciaactiva.eu\/wp-content\/uploads\/2019\/12\/18719-2-191x300.jpg 191w, https:\/\/democraciaactiva.eu\/wp-content\/uploads\/2019\/12\/18719-2.jpg 758w\" sizes=\"(max-width: 652px) 100vw, 652px\" \/><\/figure>\n\n\n\n<p>Sin embargo, tras un a\u00f1o de espera al llegar la reclamaci\u00f3n del Defensor del Pueblo Andaluz&#8230; \u00bfqu\u00e9 hace la administraci\u00f3n?&#8230; pues <strong>dice aplicar la Ley de Transparencia para aumentar el plazo de respuesta un mes <\/strong>(cuando llevan m\u00e1s de un a\u00f1o pasados del l\u00edmite) <strong>por \u00abla complejidad\u00bb de la informaci\u00f3n, que desde luego no justifica <\/strong>en modo alguno como tampoco el que lleve un a\u00f1o sin mover la solicitud del caj\u00f3n.<\/p>\n\n\n\n<figure class=\"wp-block-image\"><img decoding=\"async\" loading=\"lazy\" width=\"692\" height=\"1024\" src=\"https:\/\/democraciaactiva.eu\/wp-content\/uploads\/2019\/12\/18719-1-692x1024.jpg\" alt=\"\" class=\"wp-image-1883\" srcset=\"https:\/\/democraciaactiva.eu\/wp-content\/uploads\/2019\/12\/18719-1-692x1024.jpg 692w, https:\/\/democraciaactiva.eu\/wp-content\/uploads\/2019\/12\/18719-1-203x300.jpg 203w, https:\/\/democraciaactiva.eu\/wp-content\/uploads\/2019\/12\/18719-1-768x1137.jpg 768w, https:\/\/democraciaactiva.eu\/wp-content\/uploads\/2019\/12\/18719-1.jpg 799w\" sizes=\"(max-width: 692px) 100vw, 692px\" \/><\/figure>\n","protected":false},"excerpt":{"rendered":"<div class=\"mh-excerpt\"><p>Es el ejemplo que est\u00e1 dando estos d\u00edas el Ayuntamiento de Los Barrios (C\u00e1diz), aunque en la pr\u00e1ctica lleva a\u00f1os sucediendo tambi\u00e9n en el resto <a class=\"mh-excerpt-more\" href=\"https:\/\/democraciaactiva.eu\/?p=1873\" title=\"AAPP tramitan s\u00f3lo a golpe de reclamaci\u00f3n\">[&#8230;]<\/a><\/p>\n<\/div>","protected":false},"author":1,"featured_media":1882,"comment_status":"open","ping_status":"open","sticky":false,"template":"","format":"standard","meta":[],"categories":[8,19],"tags":[],"_links":{"self":[{"href":"https:\/\/democraciaactiva.eu\/index.php?rest_route=\/wp\/v2\/posts\/1873"}],"collection":[{"href":"https:\/\/democraciaactiva.eu\/index.php?rest_route=\/wp\/v2\/posts"}],"about":[{"href":"https:\/\/democraciaactiva.eu\/index.php?rest_route=\/wp\/v2\/types\/post"}],"author":[{"embeddable":true,"href":"https:\/\/democraciaactiva.eu\/index.php?rest_route=\/wp\/v2\/users\/1"}],"replies":[{"embeddable":true,"href":"https:\/\/democraciaactiva.eu\/index.php?rest_route=%2Fwp%2Fv2%2Fcomments&post=1873"}],"version-history":[{"count":4,"href":"https:\/\/democraciaactiva.eu\/index.php?rest_route=\/wp\/v2\/posts\/1873\/revisions"}],"predecessor-version":[{"id":1884,"href":"https:\/\/democraciaactiva.eu\/index.php?rest_route=\/wp\/v2\/posts\/1873\/revisions\/1884"}],"wp:featuredmedia":[{"embeddable":true,"href":"https:\/\/democraciaactiva.eu\/index.php?rest_route=\/wp\/v2\/media\/1882"}],"wp:attachment":[{"href":"https:\/\/democraciaactiva.eu\/index.php?rest_route=%2Fwp%2Fv2%2Fmedia&parent=1873"}],"wp:term":[{"taxonomy":"category","embeddable":true,"href":"https:\/\/democraciaactiva.eu\/index.php?rest_route=%2Fwp%2Fv2%2Fcategories&post=1873"},{"taxonomy":"post_tag","embeddable":true,"href":"https:\/\/democraciaactiva.eu\/index.php?rest_route=%2Fwp%2Fv2%2Ftags&post=1873"}],"curies":[{"name":"wp","href":"https:\/\/api.w.org\/{rel}","templated":true}]}}