{"id":1867,"date":"2019-11-06T18:12:38","date_gmt":"2019-11-06T18:12:38","guid":{"rendered":"http:\/\/democraciaactiva.eu\/?p=1867"},"modified":"2019-11-06T18:16:02","modified_gmt":"2019-11-06T18:16:02","slug":"iniciado-expediente-liberacion-en-la-provincia-de-sevilla","status":"publish","type":"post","link":"https:\/\/democraciaactiva.eu\/?p=1867","title":{"rendered":"Iniciado \u00abExpediente Liberaci\u00f3n\u00bb en la provincia de Sevilla"},"content":{"rendered":"\n<p>Hace unas semanas se recibi\u00f3 consulta por parte de varios socios sobre la legalidad del<strong> plan de liberados de las Diputaciones Provinciales<\/strong>. En concreto en la provincia de Sevilla se detect\u00f3 que <strong>10 de los alcaldes y alcaldesas<\/strong> de la provincia ten\u00edan una liberaci\u00f3n al 100% en la Diputaci\u00f3n Provincial. Igualmente aparec\u00edan <strong>9 ediles con responsabilidades de gobierno <\/strong>en sus municipios liberados tambi\u00e9n al 100% en la Diputaci\u00f3n Provincial, as\u00ed como un n\u00famero inferior liberado al 75%.<\/p>\n\n\n\n<p>El primer resultado visible de estos planes de liberaci\u00f3n de las Diputaciones Provinciales es la <strong>anulaci\u00f3n en la pr\u00e1ctica del l\u00edmite en las retribuciones a los Alcaldes<\/strong> de municipios en funci\u00f3n de su poblaci\u00f3n, ya que al estar dados de alta en la administraci\u00f3n provincial pueden saltar esos l\u00edmites.<\/p>\n\n\n\n<p>El segundo motivo de duda entre la ciudadan\u00eda viene porque si los primeros ediles de un Ayuntamiento tienen dedicaci\u00f3n exclusiva a las administraciones provinciales&#8230; <strong>\u00bfqu\u00e9 tiempo les queda para dedicarse a sus municipios?&#8230; \u00bfo simplemente es una ficci\u00f3n legal para cobrar de un sitio mientras est\u00e1n en otro?&#8230; \u00bfqu\u00e9 sentido tiene salvo para burlar la legislaci\u00f3n que limita sus salarios en sus municipios? <\/strong><\/p>\n\n\n\n<p>Puede que ambas consecuencias de estos planes de Diputaci\u00f3n sean legales, pero <strong>como m\u00ednimo nos parece poco \u00e9tico<\/strong>, por lo que decidimos abrir un expediente informativo al respecto: El <strong>\u00abExpediente Liberaci\u00f3n\u00bb<\/strong>.<\/p>\n\n\n\n<p>Al margen de siguientes pasos, conforme al protocolo marcado por la Junta Directiva, el inicio del expediente sigue los pasos habituales: <strong>exigir el cumplimiento \u00edntegro de la Ley.<\/strong><\/p>\n\n\n\n<p>Por ello se ha solicitado a la <strong>Diputaci\u00f3n Provincial de Sevilla y a 20 de sus Ayuntamientos<\/strong> -todos los que tienen cargos de gobierno local con liberaci\u00f3n en la administraci\u00f3n provincial- que <strong>publiquen en sus p\u00e1ginas web oficiales las retribuciones y porcentaje de dedicaci\u00f3n asignado a sus miembros de gobierno<\/strong>, remiti\u00e9ndonos enlace a la misma.<\/p>\n\n\n\n<div class=\"wp-block-image\"><figure class=\"aligncenter\"><img decoding=\"async\" loading=\"lazy\" width=\"868\" height=\"1024\" src=\"https:\/\/democraciaactiva.eu\/wp-content\/uploads\/2019\/11\/image-868x1024.png\" alt=\"\" class=\"wp-image-1868\" srcset=\"https:\/\/democraciaactiva.eu\/wp-content\/uploads\/2019\/11\/image-868x1024.png 868w, https:\/\/democraciaactiva.eu\/wp-content\/uploads\/2019\/11\/image-254x300.png 254w, https:\/\/democraciaactiva.eu\/wp-content\/uploads\/2019\/11\/image-768x906.png 768w, https:\/\/democraciaactiva.eu\/wp-content\/uploads\/2019\/11\/image.png 888w\" sizes=\"(max-width: 868px) 100vw, 868px\" \/><\/figure><\/div>\n\n\n\n<p>En segundo lugar, atendiendo a lo establecido por el<strong> art. 10 de la Ley de Transparencia de Andaluc\u00eda<\/strong> y las resoluciones del Consejo de Transparencia y Protecci\u00f3n de Datos de Andaluc\u00eda, se solicita que <strong>publiquen igualmente en sus p\u00e1ginas web oficiales la agenda oficial de sus cargos de gobierno<\/strong>.<\/p>\n\n\n\n<div class=\"wp-block-image\"><figure class=\"aligncenter\"><img decoding=\"async\" loading=\"lazy\" width=\"438\" height=\"1024\" src=\"https:\/\/democraciaactiva.eu\/wp-content\/uploads\/2019\/11\/image-2-438x1024.png\" alt=\"\" class=\"wp-image-1869\" srcset=\"https:\/\/democraciaactiva.eu\/wp-content\/uploads\/2019\/11\/image-2-438x1024.png 438w, https:\/\/democraciaactiva.eu\/wp-content\/uploads\/2019\/11\/image-2-128x300.png 128w, https:\/\/democraciaactiva.eu\/wp-content\/uploads\/2019\/11\/image-2-768x1796.png 768w, https:\/\/democraciaactiva.eu\/wp-content\/uploads\/2019\/11\/image-2.png 1073w\" sizes=\"(max-width: 438px) 100vw, 438px\" \/><\/figure><\/div>\n\n\n\n<p>El motivo no es otro que poder <strong>comprobar qu\u00e9 tiempo efectivo dedican a las administraciones para las que supuestamente trabajan, y cu\u00e1l en otros \u00f3rganos de representaci\u00f3n.<\/strong><\/p>\n\n\n\n<p>Aunque estar liberado por una administraci\u00f3n supramunicipal <strong>est\u00e1 muy de moda en los partidos pol\u00edticos y ninguno se va a quejar<\/strong> de que lo hagan los dem\u00e1s, desde DCA se estudiar\u00e1 remitir esa informaci\u00f3n a otras instituciones por si este tipo de actuaciones no fueran acordes con la normativa laboral.<\/p>\n\n\n\n<p>En todo caso, de constatarse el elevado n\u00famero de Alcaldes que son contratados por otras administraciones siendo de p\u00fablico conocimiento que siguen en sus puestos a nivel local, solicitar\u00edamos al gobierno competente la derogaci\u00f3n de los l\u00edmites impuestos a los gobernantes locales, toda vez <strong>quedar\u00eda demostrado que salvo como medida publicitaria carece de efecto real.<\/strong><\/p>\n","protected":false},"excerpt":{"rendered":"<div class=\"mh-excerpt\"><p>Hace unas semanas se recibi\u00f3 consulta por parte de varios socios sobre la legalidad del plan de liberados de las Diputaciones Provinciales. En concreto en <a class=\"mh-excerpt-more\" href=\"https:\/\/democraciaactiva.eu\/?p=1867\" title=\"Iniciado \u00abExpediente Liberaci\u00f3n\u00bb en la provincia de Sevilla\">[&#8230;]<\/a><\/p>\n<\/div>","protected":false},"author":1,"featured_media":1869,"comment_status":"open","ping_status":"open","sticky":false,"template":"","format":"standard","meta":[],"categories":[5,19],"tags":[],"_links":{"self":[{"href":"https:\/\/democraciaactiva.eu\/index.php?rest_route=\/wp\/v2\/posts\/1867"}],"collection":[{"href":"https:\/\/democraciaactiva.eu\/index.php?rest_route=\/wp\/v2\/posts"}],"about":[{"href":"https:\/\/democraciaactiva.eu\/index.php?rest_route=\/wp\/v2\/types\/post"}],"author":[{"embeddable":true,"href":"https:\/\/democraciaactiva.eu\/index.php?rest_route=\/wp\/v2\/users\/1"}],"replies":[{"embeddable":true,"href":"https:\/\/democraciaactiva.eu\/index.php?rest_route=%2Fwp%2Fv2%2Fcomments&post=1867"}],"version-history":[{"count":2,"href":"https:\/\/democraciaactiva.eu\/index.php?rest_route=\/wp\/v2\/posts\/1867\/revisions"}],"predecessor-version":[{"id":1871,"href":"https:\/\/democraciaactiva.eu\/index.php?rest_route=\/wp\/v2\/posts\/1867\/revisions\/1871"}],"wp:featuredmedia":[{"embeddable":true,"href":"https:\/\/democraciaactiva.eu\/index.php?rest_route=\/wp\/v2\/media\/1869"}],"wp:attachment":[{"href":"https:\/\/democraciaactiva.eu\/index.php?rest_route=%2Fwp%2Fv2%2Fmedia&parent=1867"}],"wp:term":[{"taxonomy":"category","embeddable":true,"href":"https:\/\/democraciaactiva.eu\/index.php?rest_route=%2Fwp%2Fv2%2Fcategories&post=1867"},{"taxonomy":"post_tag","embeddable":true,"href":"https:\/\/democraciaactiva.eu\/index.php?rest_route=%2Fwp%2Fv2%2Ftags&post=1867"}],"curies":[{"name":"wp","href":"https:\/\/api.w.org\/{rel}","templated":true}]}}