{"id":1858,"date":"2019-11-02T20:12:50","date_gmt":"2019-11-02T20:12:50","guid":{"rendered":"http:\/\/democraciaactiva.eu\/?p=1858"},"modified":"2019-11-02T20:21:39","modified_gmt":"2019-11-02T20:21:39","slug":"obras-de-accesibilidad-o-propaganda","status":"publish","type":"post","link":"https:\/\/democraciaactiva.eu\/?p=1858","title":{"rendered":"\u00bfObras de accesibilidad o propaganda?"},"content":{"rendered":"\n<p>El Ayuntamiento de Espartinas (Sevilla) ha presumido en redes del <strong>avance logrado en el Centro Comercial El Espartal al construir una rampa<\/strong> en su entrada principal.<\/p>\n\n\n\n<div class=\"wp-block-image\"><figure class=\"aligncenter\"><img decoding=\"async\" loading=\"lazy\" width=\"495\" height=\"540\" src=\"https:\/\/democraciaactiva.eu\/wp-content\/uploads\/2019\/11\/PMR-Espartinas.jpg\" alt=\"\" class=\"wp-image-1859\" srcset=\"https:\/\/democraciaactiva.eu\/wp-content\/uploads\/2019\/11\/PMR-Espartinas.jpg 495w, https:\/\/democraciaactiva.eu\/wp-content\/uploads\/2019\/11\/PMR-Espartinas-275x300.jpg 275w\" sizes=\"(max-width: 495px) 100vw, 495px\" \/><\/figure><\/div>\n\n\n\n<p>Cabe destacar que los problemas de accesibilidad de este centro comercial por incumplimiento de la normativa <a href=\"https:\/\/democraciaactiva.eu\/?p=256\">ya fueron denunciados hace a\u00f1os por \u00e9ste <\/a>y otros colectivos a\u00f1os atr\u00e1s.<\/p>\n\n\n\n<p>\u00abTras ver la imagen con la que el Ayuntamiento informa de su iniciativa no hemos podido menos que preguntarnos <strong>c\u00f3mo se ha podido llegar a instalar cuando aparentemente no cumple las normas de accesibilidad en Andaluc\u00eda<\/strong>\u00ab, informaron.<\/p>\n\n\n\n<p>Por ello, tras las dudas recibidas por socios de esta Asociaci\u00f3n, hemos <strong>iniciado un expediente informativo<\/strong> que pondr\u00e1 a prueba el protocolo de regularizaci\u00f3n de obras municipales, dado que la construcci\u00f3n de todo tipo de elementos sin respetar la normativa se escuda demasiadas veces en una falsa accesibilidad. <strong>\u00abNo podemos permitir m\u00e1s incumplimientos con la excusa de que peor estaba antes\u00bb<\/strong>, denunciaron desde DCA.<\/p>\n\n\n\n<figure class=\"wp-block-image\"><img decoding=\"async\" loading=\"lazy\" width=\"611\" height=\"730\" src=\"https:\/\/democraciaactiva.eu\/wp-content\/uploads\/2019\/11\/image-1.png\" alt=\"\" class=\"wp-image-1862\" srcset=\"https:\/\/democraciaactiva.eu\/wp-content\/uploads\/2019\/11\/image-1.png 611w, https:\/\/democraciaactiva.eu\/wp-content\/uploads\/2019\/11\/image-1-251x300.png 251w\" sizes=\"(max-width: 611px) 100vw, 611px\" \/><\/figure>\n\n\n\n<p>El protocolo se inicia <strong>solicitando toda la documentaci\u00f3n relativa al expediente, tanto t\u00e9cnica como econ\u00f3mica, y en este caso tambi\u00e9n sobre la titularidad de los terrenos al existir dudas al respecto<\/strong>.<\/p>\n\n\n\n<p>En caso de que la administraci\u00f3n no responda en plazo al mes siguiente se iniciar\u00eda la fase 2 remitiendo el expediente a instituciones supramunicipales como el Defensor del Pueblo o el Consejo de Transparencia, con el objetivo de obtener toda la documentaci\u00f3n solicitada. Y finalmente tras el estudio de \u00e9sta se proceder\u00eda a comprobar si se ha cumplido la normativa, o si la obra real se corresponde a lo proyectado, y en caso de que no fuera as\u00ed se iniciar\u00eda la fase 3, que se inicia con la solicitud de la restauraci\u00f3n de la legalidad urban\u00edstica y puede llegar desde la petici\u00f3n de expediente conforme al Estatuto B\u00e1sico del Empleado P\u00fablico para los responsables de la obra ilegal a la remisi\u00f3n a Fiscal\u00eda por presunto delito de prevaricaci\u00f3n, seg\u00fan el caso.<\/p>\n\n\n\n<p><strong>Desde DCA se conf\u00eda en que las administraciones cumplan la normativa, y corrijan r\u00e1pidamente los errores <\/strong>en caso de que las obras no se ajusten a ella, \u00aby <strong>sobre todo no esperen dilatar los expedientes con silencio administrativo <\/strong>obligando a intervenir a m\u00e1s instancias y agotar los pasos de nuestro protocolo. Deben entender que <strong>el silencio no es una opci\u00f3n<\/strong>\u00ab, finalizaron.<\/p>\n","protected":false},"excerpt":{"rendered":"<div class=\"mh-excerpt\"><p>El Ayuntamiento de Espartinas (Sevilla) ha presumido en redes del avance logrado en el Centro Comercial El Espartal al construir una rampa en su entrada <a class=\"mh-excerpt-more\" href=\"https:\/\/democraciaactiva.eu\/?p=1858\" title=\"\u00bfObras de accesibilidad o propaganda?\">[&#8230;]<\/a><\/p>\n<\/div>","protected":false},"author":1,"featured_media":1862,"comment_status":"open","ping_status":"open","sticky":false,"template":"","format":"standard","meta":[],"categories":[3],"tags":[],"_links":{"self":[{"href":"https:\/\/democraciaactiva.eu\/index.php?rest_route=\/wp\/v2\/posts\/1858"}],"collection":[{"href":"https:\/\/democraciaactiva.eu\/index.php?rest_route=\/wp\/v2\/posts"}],"about":[{"href":"https:\/\/democraciaactiva.eu\/index.php?rest_route=\/wp\/v2\/types\/post"}],"author":[{"embeddable":true,"href":"https:\/\/democraciaactiva.eu\/index.php?rest_route=\/wp\/v2\/users\/1"}],"replies":[{"embeddable":true,"href":"https:\/\/democraciaactiva.eu\/index.php?rest_route=%2Fwp%2Fv2%2Fcomments&post=1858"}],"version-history":[{"count":2,"href":"https:\/\/democraciaactiva.eu\/index.php?rest_route=\/wp\/v2\/posts\/1858\/revisions"}],"predecessor-version":[{"id":1863,"href":"https:\/\/democraciaactiva.eu\/index.php?rest_route=\/wp\/v2\/posts\/1858\/revisions\/1863"}],"wp:featuredmedia":[{"embeddable":true,"href":"https:\/\/democraciaactiva.eu\/index.php?rest_route=\/wp\/v2\/media\/1862"}],"wp:attachment":[{"href":"https:\/\/democraciaactiva.eu\/index.php?rest_route=%2Fwp%2Fv2%2Fmedia&parent=1858"}],"wp:term":[{"taxonomy":"category","embeddable":true,"href":"https:\/\/democraciaactiva.eu\/index.php?rest_route=%2Fwp%2Fv2%2Fcategories&post=1858"},{"taxonomy":"post_tag","embeddable":true,"href":"https:\/\/democraciaactiva.eu\/index.php?rest_route=%2Fwp%2Fv2%2Ftags&post=1858"}],"curies":[{"name":"wp","href":"https:\/\/api.w.org\/{rel}","templated":true}]}}