{"id":1834,"date":"2019-08-04T11:38:17","date_gmt":"2019-08-04T11:38:17","guid":{"rendered":"http:\/\/democraciaactiva.eu\/?p=1834"},"modified":"2019-08-04T11:52:28","modified_gmt":"2019-08-04T11:52:28","slug":"cuando-una-aapp-se-convierte-en-cortijo","status":"publish","type":"post","link":"https:\/\/democraciaactiva.eu\/?p=1834","title":{"rendered":"Cuando la administraci\u00f3n \u00abp\u00fablica\u00bb se convierte en Cortijo"},"content":{"rendered":"\n<p>En estos d\u00edas hemos asistido, una vez m\u00e1s, a la demostraci\u00f3n de c\u00f3mo una supuesta administraci\u00f3n p\u00fablica puede adoptar el m\u00e9todo Cortijo para sus fines, que desde luego no corresponden a los generales de la ciudadan\u00eda.<\/p>\n\n\n\n<p>Viene siendo ya un cl\u00e1sico en este municipio de C\u00e1diz el que su Alcalde, alto cargo de la Diputaci\u00f3n Provincial y Mancomunidad de Municipios, <strong>retuerza las normas a su manera para callar cualquier voz discordante.<\/strong><\/p>\n\n\n\n<p>En esta ocasi\u00f3n, en el primer pleno de la legislatura, y como viene siendo tradicional, consigue expulsar a un edil de la oposici\u00f3n que por lo visto le molestaba retorciendo el ROF como s\u00f3lo un gobierno en mayor\u00eda puede hacer. Por supuesto, esto no ser\u00eda posible sin la colaboraci\u00f3n, aunque fuera por omisi\u00f3n, de los habilitados nacionales.<\/p>\n\n\n\n<p>Seg\u00fan este primer edil su cargo de presidente del pleno <strong>le habilita para ejercer tambi\u00e9n de portavoz del gobierno, interrumpir a los ediles de la oposici\u00f3n cuando le plazca, y cerrar todos los turnos<\/strong> (en los que no interviene para evitar r\u00e9plicas) cerrando con divagaciones sobre temas totalmente ajenos a la sesi\u00f3n.<\/p>\n\n\n\n<p>Sus divagaciones suelen ir dirigidas al molesto edil, \u00abpic\u00e1ndole\u00bb para provocar su respuesta, que por muy inocente que sea (en \u00e9ste caso una simple cuesti\u00f3n de orden como preguntar si eso era el orden del d\u00eda) es considerada como interrupci\u00f3n provocando su expulsi\u00f3n inmediata.<\/p>\n\n\n\n<figure class=\"wp-block-video\"><video controls src=\"https:\/\/democraciaactiva.eu\/wp-content\/uploads\/2019\/08\/Expusli\u00f3n-Mayoral-3-1.mp4\"><\/video><\/figure>\n\n\n\n<p>Puede que el edil olvidara citar el art\u00edculo del ROF que le permite intervenir en cualquier momento por una cuesti\u00f3n de orden, pero no que la Secretar\u00eda General olvidara que es su deber intervenir cuando se dude de la legalidad de un asunto, en este caso la expulsi\u00f3n injustificada de un edil, para dar al menos su opini\u00f3n jur\u00eddica. M\u00e1s videos del incidente pueden verse en este enlace:  <br><a href=\"http:\/\/multimieda.sanroquevivo.com\/boix-inaugura-el-periodo-corporativo-con-la-tradicional-expulsion-de-mayoral\">http:\/\/multimieda.sanroquevivo.com\/boix-inaugura-el-periodo-corporativo-con-la-tradicional-expulsion-de-mayoral<\/a> <\/p>\n\n\n\n<p><strong>Una vez m\u00e1s, el silencio de los habilitados nacionales es atronador, contribuyendo a la inseguridad jur\u00eddica y la perpetuaci\u00f3n de los Cortijos en las administraciones p\u00fablicas.<\/strong><\/p>\n\n\n\n<p>Desde la perspectiva de ciudadanos de a pie, fuera de ese supuesto \u00f3rgano de representaci\u00f3n pol\u00edtica, la decisi\u00f3n del primer edil fue totalmente injusta, sin justificaci\u00f3n cuando <strong>una pregunta sobre cuestiones de orden del pleno nunca puede ser considerada una interrupci\u00f3n<\/strong>, m\u00e1xime cuando se admiten otras much\u00edsimo peores sin tomar ninguna pedida, por lo que adem\u00e1s se realiz\u00f3 a sabiendas, amparado en el silencio de los habilitados nacionales que <strong>no intervienen y hasta justifican si es necesario este tipo de actitudes<\/strong>, por lo que podr\u00edamos encontrarnos ante posibles delitos contra los derechos de los representantes p\u00fablicos.<\/p>\n","protected":false},"excerpt":{"rendered":"<div class=\"mh-excerpt\"><p>En estos d\u00edas hemos asistido, una vez m\u00e1s, a la demostraci\u00f3n de c\u00f3mo una supuesta administraci\u00f3n p\u00fablica puede adoptar el m\u00e9todo Cortijo para sus fines, <a class=\"mh-excerpt-more\" href=\"https:\/\/democraciaactiva.eu\/?p=1834\" title=\"Cuando la administraci\u00f3n \u00abp\u00fablica\u00bb se convierte en Cortijo\">[&#8230;]<\/a><\/p>\n<\/div>","protected":false},"author":1,"featured_media":1839,"comment_status":"open","ping_status":"open","sticky":false,"template":"","format":"standard","meta":[],"categories":[5,8,1],"tags":[],"_links":{"self":[{"href":"https:\/\/democraciaactiva.eu\/index.php?rest_route=\/wp\/v2\/posts\/1834"}],"collection":[{"href":"https:\/\/democraciaactiva.eu\/index.php?rest_route=\/wp\/v2\/posts"}],"about":[{"href":"https:\/\/democraciaactiva.eu\/index.php?rest_route=\/wp\/v2\/types\/post"}],"author":[{"embeddable":true,"href":"https:\/\/democraciaactiva.eu\/index.php?rest_route=\/wp\/v2\/users\/1"}],"replies":[{"embeddable":true,"href":"https:\/\/democraciaactiva.eu\/index.php?rest_route=%2Fwp%2Fv2%2Fcomments&post=1834"}],"version-history":[{"count":7,"href":"https:\/\/democraciaactiva.eu\/index.php?rest_route=\/wp\/v2\/posts\/1834\/revisions"}],"predecessor-version":[{"id":1844,"href":"https:\/\/democraciaactiva.eu\/index.php?rest_route=\/wp\/v2\/posts\/1834\/revisions\/1844"}],"wp:featuredmedia":[{"embeddable":true,"href":"https:\/\/democraciaactiva.eu\/index.php?rest_route=\/wp\/v2\/media\/1839"}],"wp:attachment":[{"href":"https:\/\/democraciaactiva.eu\/index.php?rest_route=%2Fwp%2Fv2%2Fmedia&parent=1834"}],"wp:term":[{"taxonomy":"category","embeddable":true,"href":"https:\/\/democraciaactiva.eu\/index.php?rest_route=%2Fwp%2Fv2%2Fcategories&post=1834"},{"taxonomy":"post_tag","embeddable":true,"href":"https:\/\/democraciaactiva.eu\/index.php?rest_route=%2Fwp%2Fv2%2Ftags&post=1834"}],"curies":[{"name":"wp","href":"https:\/\/api.w.org\/{rel}","templated":true}]}}