{"id":1828,"date":"2019-05-23T15:29:42","date_gmt":"2019-05-23T15:29:42","guid":{"rendered":"http:\/\/democraciaactiva.eu\/?p=1828"},"modified":"2019-05-23T15:29:42","modified_gmt":"2019-05-23T15:29:42","slug":"cesion-ilegal-de-trabajadores-en-la-diputacion-provincial-de-cadiz","status":"publish","type":"post","link":"https:\/\/democraciaactiva.eu\/?p=1828","title":{"rendered":"Cesi\u00f3n ilegal de trabajadores en la Diputaci\u00f3n Provincial de C\u00e1diz"},"content":{"rendered":"\n<p>En estos d\u00edas hemos conocido que desde la Inspecci\u00f3n de Trabajo se ha revisado la situaci\u00f3n de distintos trabajadores de la Diputaci\u00f3n Provincial de C\u00e1diz, <strong>cuya gesti\u00f3n en el \u00e1rea econ\u00f3mica ha destacado por lo que llamaban \u00abexternalizaci\u00f3n de servicios\u00bb<\/strong>, contratando siempre a la misma empresa malague\u00f1a.<\/p>\n\n\n\n<p>La mal llamada \u00abexternalizaci\u00f3n de servicios\u00bb se encuadraba dentro de la privatizaci\u00f3n de servicios p\u00fablicos llevada a cabo por el gobierno provincial. Este plan econ\u00f3mico b\u00e1sicamente consiste en contratar una empresa externa para que \u00e9sta a su vez contrate a los trabajadores que llevar\u00e1n a cabo los servicios p\u00fablicos. <strong>De este modo se evita tener que pasar filtros como oposiciones, concursos de m\u00e9ritos y capacidad<\/strong>, y la empresa es libre de contratar a quienes les sugiera el gobierno provincial, por ejemplo.<\/p>\n\n\n\n<figure class=\"wp-block-image\"><img decoding=\"async\" loading=\"lazy\" width=\"754\" height=\"394\" src=\"https:\/\/democraciaactiva.eu\/wp-content\/uploads\/2019\/05\/Solis.jpg\" alt=\"\" class=\"wp-image-1829\" srcset=\"https:\/\/democraciaactiva.eu\/wp-content\/uploads\/2019\/05\/Solis.jpg 754w, https:\/\/democraciaactiva.eu\/wp-content\/uploads\/2019\/05\/Solis-300x157.jpg 300w\" sizes=\"(max-width: 754px) 100vw, 754px\" \/><\/figure>\n\n\n\n<p>Adem\u00e1s de ello los responsables provinciales se jactaban del \u00abahorro econ\u00f3mico\u00bb para las arcas p\u00fablicas que supon\u00edan estas contrataciones. Posiblemente lo dijeran porque <strong>a igualdad de puestos de trabajo<\/strong> (los trabajadores \u00abexternos\u00bb compart\u00edan incluso mesa y funciones con personal de la Diputaci\u00f3n) <strong>pod\u00edan pagarles una tercera parte del salario que les corresponder\u00eda normalmente<\/strong>. <strong>Con el sobrante los Diputados aprovechaban para subirse el sueldo a cifras cercanas a los seis mil euros mensuales. <\/strong><\/p>\n\n\n\n<p>A la explotaci\u00f3n de trabajadores por medio de terceras empresas se sumaba que,<strong> adem\u00e1s del recorte en los salarios de los trabajadores, tambi\u00e9n lo hac\u00edan en las cotizaciones a la Seguridad Social<\/strong>, maximizando el beneficio de la empresa contratada (siempre la misma de confianza).<\/p>\n\n\n\n<figure class=\"wp-block-image\"><img decoding=\"async\" loading=\"lazy\" width=\"1020\" height=\"940\" src=\"https:\/\/democraciaactiva.eu\/wp-content\/uploads\/2019\/05\/Inspeccion1.jpg\" alt=\"\" class=\"wp-image-1830\" srcset=\"https:\/\/democraciaactiva.eu\/wp-content\/uploads\/2019\/05\/Inspeccion1.jpg 1020w, https:\/\/democraciaactiva.eu\/wp-content\/uploads\/2019\/05\/Inspeccion1-300x276.jpg 300w, https:\/\/democraciaactiva.eu\/wp-content\/uploads\/2019\/05\/Inspeccion1-768x708.jpg 768w\" sizes=\"(max-width: 1020px) 100vw, 1020px\" \/><\/figure>\n\n\n\n<p>Por ello desde la Inspecci\u00f3n de Trabajo se ha propuesto una sanci\u00f3n cercana a los 300 mil euros <strong>(292.507,03 \u20ac) s\u00f3lo por los \u00faltimos cinco a\u00f1os<\/strong>, que, como suele ocurrir, <strong>acabar\u00e1n pagando igualmente los ciudadanos de sus impuestos.<\/strong><\/p>\n\n\n\n<p>Tambi\u00e9n se han detectado al parecer otras \u00abirregularidades\u00bb como que responsables de departamentos <strong>est\u00e9n de alta en la seguridad social en empresas ajenas a las contratadas<\/strong>, que los horarios de trabajo no cuadren con las entradas y salidas (no se sabe qui\u00e9n podr\u00eda abrir o cerrar las dependencias siquiera, ni qui\u00e9nes aportaban el material), o que los trabajadores de la empresa externa sigan los horarios de Diputaci\u00f3n y no los de su propio convenio, <strong>demostrando que realmente se trataba de una cesi\u00f3n ilegal de trabajadores para evitar la convocatoria de puestos p\u00fablicos basados en m\u00e9rito y capacidad.<\/strong><\/p>\n\n\n\n<p>De hecho tras comprobar los asistentes a cursos de formaci\u00f3n para empleados de la Diputaci\u00f3n Provincial y administraciones p\u00fablicas <strong>(plan de formaci\u00f3n continua dirigido a Diputaci\u00f3n, Ayuntamientos, Mancomunidades y Consorcios)<\/strong> se ha comprobado numerosa asistencia de personal externo de la empresa contratada, que carecen de tal categor\u00eda.<\/p>\n\n\n\n<figure class=\"wp-block-image\"><img decoding=\"async\" loading=\"lazy\" width=\"859\" height=\"1024\" src=\"https:\/\/democraciaactiva.eu\/wp-content\/uploads\/2019\/05\/Inspeccion2-859x1024.jpg\" alt=\"\" class=\"wp-image-1831\" srcset=\"https:\/\/democraciaactiva.eu\/wp-content\/uploads\/2019\/05\/Inspeccion2-859x1024.jpg 859w, https:\/\/democraciaactiva.eu\/wp-content\/uploads\/2019\/05\/Inspeccion2-252x300.jpg 252w, https:\/\/democraciaactiva.eu\/wp-content\/uploads\/2019\/05\/Inspeccion2-768x916.jpg 768w, https:\/\/democraciaactiva.eu\/wp-content\/uploads\/2019\/05\/Inspeccion2.jpg 1024w\" sizes=\"(max-width: 859px) 100vw, 859px\" \/><\/figure>\n\n\n\n<p>Las incoherentes explicaciones de la empresa contratada para sustituir personal de Diputaci\u00f3n llegan al absurdo extremo de asegurar que si los equipos inform\u00e1ticos se aver\u00edan no se reparan, se sustituyen, para evitar confirmar que son equipos de Diputaci\u00f3n que mantiene y reparan sus t\u00e9cnicos.<\/p>\n\n\n\n<p><\/p>\n\n\n\n<p>Hasta la fecha, aunque el expediente con estos datos se conoce desde hace semanas, <strong>ninguno de los responsables provinciales ha dicho nada al respecto, no se esperan dimisiones, responsabilidades pol\u00edticas, ni mucho menos que rebajen sus abultados salarios (el responsable del \u00e1rea econ\u00f3mica tiene un sueldo cercano al de la Presidencia de la Junta de Andaluc\u00eda) por su responsabilidad en el fraude. Simplemente guardan silencio como si no fuera con ellos.<\/strong><\/p>\n\n\n\n<p><\/p>\n","protected":false},"excerpt":{"rendered":"<div class=\"mh-excerpt\"><p>En estos d\u00edas hemos conocido que desde la Inspecci\u00f3n de Trabajo se ha revisado la situaci\u00f3n de distintos trabajadores de la Diputaci\u00f3n Provincial de C\u00e1diz, <a class=\"mh-excerpt-more\" href=\"https:\/\/democraciaactiva.eu\/?p=1828\" title=\"Cesi\u00f3n ilegal de trabajadores en la Diputaci\u00f3n Provincial de C\u00e1diz\">[&#8230;]<\/a><\/p>\n<\/div>","protected":false},"author":1,"featured_media":1829,"comment_status":"open","ping_status":"open","sticky":false,"template":"","format":"standard","meta":[],"categories":[5,10],"tags":[],"_links":{"self":[{"href":"https:\/\/democraciaactiva.eu\/index.php?rest_route=\/wp\/v2\/posts\/1828"}],"collection":[{"href":"https:\/\/democraciaactiva.eu\/index.php?rest_route=\/wp\/v2\/posts"}],"about":[{"href":"https:\/\/democraciaactiva.eu\/index.php?rest_route=\/wp\/v2\/types\/post"}],"author":[{"embeddable":true,"href":"https:\/\/democraciaactiva.eu\/index.php?rest_route=\/wp\/v2\/users\/1"}],"replies":[{"embeddable":true,"href":"https:\/\/democraciaactiva.eu\/index.php?rest_route=%2Fwp%2Fv2%2Fcomments&post=1828"}],"version-history":[{"count":1,"href":"https:\/\/democraciaactiva.eu\/index.php?rest_route=\/wp\/v2\/posts\/1828\/revisions"}],"predecessor-version":[{"id":1832,"href":"https:\/\/democraciaactiva.eu\/index.php?rest_route=\/wp\/v2\/posts\/1828\/revisions\/1832"}],"wp:featuredmedia":[{"embeddable":true,"href":"https:\/\/democraciaactiva.eu\/index.php?rest_route=\/wp\/v2\/media\/1829"}],"wp:attachment":[{"href":"https:\/\/democraciaactiva.eu\/index.php?rest_route=%2Fwp%2Fv2%2Fmedia&parent=1828"}],"wp:term":[{"taxonomy":"category","embeddable":true,"href":"https:\/\/democraciaactiva.eu\/index.php?rest_route=%2Fwp%2Fv2%2Fcategories&post=1828"},{"taxonomy":"post_tag","embeddable":true,"href":"https:\/\/democraciaactiva.eu\/index.php?rest_route=%2Fwp%2Fv2%2Ftags&post=1828"}],"curies":[{"name":"wp","href":"https:\/\/api.w.org\/{rel}","templated":true}]}}