{"id":1824,"date":"2019-04-07T11:56:30","date_gmt":"2019-04-07T11:56:30","guid":{"rendered":"http:\/\/democraciaactiva.eu\/?p=1824"},"modified":"2019-04-07T11:56:30","modified_gmt":"2019-04-07T11:56:30","slug":"diferencia-entre-publicidad-y-transparencia-jimena-de-la-frontera-cadiz","status":"publish","type":"post","link":"https:\/\/democraciaactiva.eu\/?p=1824","title":{"rendered":"Diferencia entre publicidad y transparencia (Jimena de la Frontera, C\u00e1diz)"},"content":{"rendered":"\n<p>Una vez m\u00e1s una administraci\u00f3n p\u00fablica nos sirve de ejemplo para <strong>diferenciar la publicidad de la transparencia<\/strong> en las AAPP.<\/p>\n\n\n\n<p>En este caso, tras publicitar la administraci\u00f3n trabajos de se\u00f1alizaci\u00f3n viaria en redes sociales <strong>se comenta sobre la ausencia de PMR<\/strong> (plazas para personas con movilidad reducida), ya que no aparecen en ninguna de las fotograf\u00edas objeto de publicidad.<\/p>\n\n\n\n<figure class=\"wp-block-image\"><img decoding=\"async\" loading=\"lazy\" width=\"563\" height=\"1024\" src=\"https:\/\/democraciaactiva.eu\/wp-content\/uploads\/2019\/04\/PMR-Jimena-563x1024.jpg\" alt=\"\" class=\"wp-image-1825\" srcset=\"https:\/\/democraciaactiva.eu\/wp-content\/uploads\/2019\/04\/PMR-Jimena-563x1024.jpg 563w, https:\/\/democraciaactiva.eu\/wp-content\/uploads\/2019\/04\/PMR-Jimena-165x300.jpg 165w, https:\/\/democraciaactiva.eu\/wp-content\/uploads\/2019\/04\/PMR-Jimena.jpg 672w\" sizes=\"(max-width: 563px) 100vw, 563px\" \/><\/figure>\n\n\n\n<p>La administraci\u00f3n, <strong>lejos de resolver la duda<\/strong> que pudiera tener la ciudadan\u00eda, responde con un comentario, tal vez bromeando, sobre la falta de visitas del municipio.<\/p>\n\n\n\n<p>L\u00f3gicamente hay colectivos como el nuestro, de \u00e1mbito nacional, que ciertamente no visitamos los lugares donde se inician expedientes, desde C\u00e1diz a Vigo pasando por Madrid, ni deber\u00eda ser necesario en pleno siglo XXI para conocer datos de las AAPP.<\/p>\n\n\n\n<p>Tras la extra\u00f1a respuesta se confirma a la administraci\u00f3n que no se ha visitado, indicando la normativa que exige una plaza cada 40, obteniendo el silencio como respuesta.<\/p>\n\n\n\n<p>De esta forma Jimena de la Frontera<strong> lejos de acercar la administraci\u00f3n al ciudadano, invita a \u00e9stos a desplazarse<\/strong> incluso, como en este caso, para poder conocer algo que es de inter\u00e9s general. <strong>\u00bfPiensa la administraci\u00f3n que personas con problemas de movilidad van a desplazarse tal vez cientos de kms. para entonces comprobar si les resulta o no accesible su municipio?<\/strong><\/p>\n\n\n\n<p><strong>Publicar fotos a gusto de la administraci\u00f3n es publicidad, responder las cuestiones de los ciudadanos aportando la informaci\u00f3n que precisan es transparencia<\/strong>.<strong> El d\u00eda que las administraciones entiendan o quieran respetar la diferencia avanzaremos hacia lo p\u00fablico.<\/strong><\/p>\n","protected":false},"excerpt":{"rendered":"<div class=\"mh-excerpt\"><p>Una vez m\u00e1s una administraci\u00f3n p\u00fablica nos sirve de ejemplo para diferenciar la publicidad de la transparencia en las AAPP. En este caso, tras publicitar <a class=\"mh-excerpt-more\" href=\"https:\/\/democraciaactiva.eu\/?p=1824\" title=\"Diferencia entre publicidad y transparencia (Jimena de la Frontera, C\u00e1diz)\">[&#8230;]<\/a><\/p>\n<\/div>","protected":false},"author":1,"featured_media":1825,"comment_status":"open","ping_status":"open","sticky":false,"template":"","format":"standard","meta":[],"categories":[5,19],"tags":[],"_links":{"self":[{"href":"https:\/\/democraciaactiva.eu\/index.php?rest_route=\/wp\/v2\/posts\/1824"}],"collection":[{"href":"https:\/\/democraciaactiva.eu\/index.php?rest_route=\/wp\/v2\/posts"}],"about":[{"href":"https:\/\/democraciaactiva.eu\/index.php?rest_route=\/wp\/v2\/types\/post"}],"author":[{"embeddable":true,"href":"https:\/\/democraciaactiva.eu\/index.php?rest_route=\/wp\/v2\/users\/1"}],"replies":[{"embeddable":true,"href":"https:\/\/democraciaactiva.eu\/index.php?rest_route=%2Fwp%2Fv2%2Fcomments&post=1824"}],"version-history":[{"count":1,"href":"https:\/\/democraciaactiva.eu\/index.php?rest_route=\/wp\/v2\/posts\/1824\/revisions"}],"predecessor-version":[{"id":1826,"href":"https:\/\/democraciaactiva.eu\/index.php?rest_route=\/wp\/v2\/posts\/1824\/revisions\/1826"}],"wp:featuredmedia":[{"embeddable":true,"href":"https:\/\/democraciaactiva.eu\/index.php?rest_route=\/wp\/v2\/media\/1825"}],"wp:attachment":[{"href":"https:\/\/democraciaactiva.eu\/index.php?rest_route=%2Fwp%2Fv2%2Fmedia&parent=1824"}],"wp:term":[{"taxonomy":"category","embeddable":true,"href":"https:\/\/democraciaactiva.eu\/index.php?rest_route=%2Fwp%2Fv2%2Fcategories&post=1824"},{"taxonomy":"post_tag","embeddable":true,"href":"https:\/\/democraciaactiva.eu\/index.php?rest_route=%2Fwp%2Fv2%2Ftags&post=1824"}],"curies":[{"name":"wp","href":"https:\/\/api.w.org\/{rel}","templated":true}]}}