{"id":1800,"date":"2019-01-20T12:56:34","date_gmt":"2019-01-20T12:56:34","guid":{"rendered":"http:\/\/democraciaactiva.eu\/?p=1800"},"modified":"2019-01-20T13:03:36","modified_gmt":"2019-01-20T13:03:36","slug":"acabaremos-en-2-019-con-los-registros-en-papel","status":"publish","type":"post","link":"https:\/\/democraciaactiva.eu\/?p=1800","title":{"rendered":"\u00bfAcabaremos en 2.019 con los registros en papel?"},"content":{"rendered":"<p style=\"text-align: justify;\">Desde los inicios de esta Asociaci\u00f3n, a finales de 2.013, tuvimos que lidiar con miles de documentos entre registros de entrada y salida para poder comunicarnos con la administraci\u00f3n. Tras 2.014 <strong>impulsamos la v\u00eda telem\u00e1tica, aunque fuera m\u00e1s lenta y tuvi\u00e9ramos que recurrir a terceras administraciones<\/strong> para que nuestras solicitudes llegaran a su destino.<\/p>\n<p style=\"text-align: justify;\">A mediados de 2.015 utilizamos masivamente el certificado digital reduciendo dr\u00e1sticamente el papel en nuestras comunicaciones, y en 2.016 dejamos de utilizar totalmente los registros presenciales para enviar solicitudes, aunque a\u00fan tuvimos que recibir bastantes en papel de distintas administraciones. Aunque tambi\u00e9n han sido digitalizadas, conservamos en papel las respuestas recibidas por esa v\u00eda.<a href=\"https:\/\/democraciaactiva.eu\/wp-content\/uploads\/2019\/01\/2019-01-20-13.39.05.jpg\"><img decoding=\"async\" loading=\"lazy\" class=\"aligncenter size-medium wp-image-1801\" src=\"https:\/\/democraciaactiva.eu\/wp-content\/uploads\/2019\/01\/2019-01-20-13.39.05-300x146.jpg\" alt=\"\" width=\"300\" height=\"146\" srcset=\"https:\/\/democraciaactiva.eu\/wp-content\/uploads\/2019\/01\/2019-01-20-13.39.05-300x146.jpg 300w, https:\/\/democraciaactiva.eu\/wp-content\/uploads\/2019\/01\/2019-01-20-13.39.05-768x373.jpg 768w, https:\/\/democraciaactiva.eu\/wp-content\/uploads\/2019\/01\/2019-01-20-13.39.05-1024x498.jpg 1024w\" sizes=\"(max-width: 300px) 100vw, 300px\" \/><\/a><\/p>\n<p style=\"text-align: justify;\">Tras algunas vueltas de tuerca, <strong>en 2.017 conseguimos que muchas se adaptaran<\/strong>, aunque fuera por la v\u00eda de no facilitar las notificaciones postales hasta que tuvieran que publicar Edictos, y las notificaciones en papel que nos llegaron fueron residuales, siendo digitalizadas al momento. Desde ese a\u00f1o la totalidad de nuestros registros es digital.<\/p>\n<p style=\"text-align: justify;\">En 2.018, aunque tenemos algunas notificaciones en soporte f\u00edsico, \u00e9stas han sido digitalizadas como el resto, para formar parte de nuestro archivo tras ser <strong>indexadas permitiendo una gesti\u00f3n mucho m\u00e1s eficiente de la informaci\u00f3n.<\/strong><\/p>\n<p>Si a una simple Asociaci\u00f3n como la nuestra les es m\u00e1s eficiente el manejo digital de la informaci\u00f3n hasta el punto que sin ello no podr\u00edamos controlar los miles de documentos generados,<strong> \u00bfqu\u00e9 hace a una administraci\u00f3n p\u00fablica aferrarse al papel como forma de \u00abtrabajo\u00bb?<\/strong><\/p>\n<p style=\"text-align: justify;\"><strong>En este a\u00f1o 2.019 nos proponemos no admitir ninguna notificaci\u00f3n en papel<\/strong>. Tiempo han tenido las administraciones de adaptarse a las normas y tecnolog\u00edas actuales, aunque algunas como <strong>la Consejer\u00eda de Empleo de la Junta de Andaluc\u00eda ya ha advertido que eso es imposible<\/strong>, que no admitir\u00e1n procedimientos telem\u00e1ticos, s\u00f3lo en papel. Quiz\u00e1s porque son m\u00e1s manipulables, no dejan rastro de fechas concreta de entrada y salida, se pueden engordar o adelgazar expedientes sin pasar dejar huellas digitales&#8230; u otros motivos que no nos quieren explicar.<\/p>\n<p style=\"text-align: justify;\">Se nos presenta un nuevo reto en defensa del derecho de los ciudadanos a comunicarse telem\u00e1ticamente con las AAPP. \u00bfLo conseguiremos? Esperamos lograr que no les salga rentable mantenerse aislados y as\u00ed asuman la necesidad de cambiar a las nuevas formas de comunicaci\u00f3n.<strong> El silencio no es una opci\u00f3n.<\/strong><\/p>\n","protected":false},"excerpt":{"rendered":"<div class=\"mh-excerpt\"><p>Desde los inicios de esta Asociaci\u00f3n, a finales de 2.013, tuvimos que lidiar con miles de documentos entre registros de entrada y salida para poder <a class=\"mh-excerpt-more\" href=\"https:\/\/democraciaactiva.eu\/?p=1800\" title=\"\u00bfAcabaremos en 2.019 con los registros en papel?\">[&#8230;]<\/a><\/p>\n<\/div>","protected":false},"author":1,"featured_media":1801,"comment_status":"open","ping_status":"open","sticky":false,"template":"","format":"standard","meta":[],"categories":[4,8],"tags":[],"_links":{"self":[{"href":"https:\/\/democraciaactiva.eu\/index.php?rest_route=\/wp\/v2\/posts\/1800"}],"collection":[{"href":"https:\/\/democraciaactiva.eu\/index.php?rest_route=\/wp\/v2\/posts"}],"about":[{"href":"https:\/\/democraciaactiva.eu\/index.php?rest_route=\/wp\/v2\/types\/post"}],"author":[{"embeddable":true,"href":"https:\/\/democraciaactiva.eu\/index.php?rest_route=\/wp\/v2\/users\/1"}],"replies":[{"embeddable":true,"href":"https:\/\/democraciaactiva.eu\/index.php?rest_route=%2Fwp%2Fv2%2Fcomments&post=1800"}],"version-history":[{"count":2,"href":"https:\/\/democraciaactiva.eu\/index.php?rest_route=\/wp\/v2\/posts\/1800\/revisions"}],"predecessor-version":[{"id":1803,"href":"https:\/\/democraciaactiva.eu\/index.php?rest_route=\/wp\/v2\/posts\/1800\/revisions\/1803"}],"wp:featuredmedia":[{"embeddable":true,"href":"https:\/\/democraciaactiva.eu\/index.php?rest_route=\/wp\/v2\/media\/1801"}],"wp:attachment":[{"href":"https:\/\/democraciaactiva.eu\/index.php?rest_route=%2Fwp%2Fv2%2Fmedia&parent=1800"}],"wp:term":[{"taxonomy":"category","embeddable":true,"href":"https:\/\/democraciaactiva.eu\/index.php?rest_route=%2Fwp%2Fv2%2Fcategories&post=1800"},{"taxonomy":"post_tag","embeddable":true,"href":"https:\/\/democraciaactiva.eu\/index.php?rest_route=%2Fwp%2Fv2%2Ftags&post=1800"}],"curies":[{"name":"wp","href":"https:\/\/api.w.org\/{rel}","templated":true}]}}