{"id":1792,"date":"2019-01-17T18:38:08","date_gmt":"2019-01-17T18:38:08","guid":{"rendered":"http:\/\/democraciaactiva.eu\/?p=1792"},"modified":"2019-01-17T18:40:47","modified_gmt":"2019-01-17T18:40:47","slug":"la-junta-de-andalucia-ningunea-al-nuevo-municipio-de-san-martin-del-tesorillo","status":"publish","type":"post","link":"https:\/\/democraciaactiva.eu\/?p=1792","title":{"rendered":"La Junta olvida a San Mart\u00edn del Tesorillo en los tr\u00e1mites de su municipio"},"content":{"rendered":"<p style=\"text-align: justify;\">Tras d\u00e9cadas de tr\u00e1mites administrativos el pasado a\u00f1o la Junta de Andaluc\u00eda Decret\u00f3 la creaci\u00f3n de 8 nuevos municipios en Andaluc\u00eda, entre ellos <strong>el gaditano de San Mart\u00edn del Tesorillo<\/strong>, dependiente hasta entonces del Ayuntamiento de Jimena de la Frontera.<a href=\"https:\/\/democraciaactiva.eu\/wp-content\/uploads\/2019\/01\/TesorilloI.jpg\"><img decoding=\"async\" loading=\"lazy\" class=\"aligncenter size-medium wp-image-1793\" src=\"https:\/\/democraciaactiva.eu\/wp-content\/uploads\/2019\/01\/TesorilloI-300x169.jpg\" alt=\"\" width=\"300\" height=\"169\" srcset=\"https:\/\/democraciaactiva.eu\/wp-content\/uploads\/2019\/01\/TesorilloI-300x169.jpg 300w, https:\/\/democraciaactiva.eu\/wp-content\/uploads\/2019\/01\/TesorilloI.jpg 667w\" sizes=\"(max-width: 300px) 100vw, 300px\" \/><\/a><\/p>\n<p style=\"text-align: justify;\">Desde ese d\u00eda de la independencia, el pasado 2 de octubre, el Decreto 181\/2018 establec\u00eda un plazo de 3 meses para la constituci\u00f3n de la Comisi\u00f3n Gestora que gobernar\u00eda el nuevo municipio hasta las pr\u00f3ximas elecciones municipales. Dicha comisi\u00f3n se cre\u00f3 finalmente el pasado <strong>2 de enero<\/strong>.<\/p>\n<p style=\"text-align: justify;\">A partir de ese momento, conforme a la disposici\u00f3n cuarta del citado Decreto 181\/2018, <strong>el presidente y los vocales de la comisi\u00f3n gestora adquieren los mismos derechos y obligaciones que el Alcalde y Concejales a todos los efectos marcados por la legislaci\u00f3n de r\u00e9gimen local.<\/strong><\/p>\n<p style=\"text-align: justify;\">\u00abObviamente, dado que <strong>un municipio no puede tener dos Alcaldes<\/strong>, ello implica que el primer edil del municipio matriz deja de tener competencias en el nuevo municipio, por lo que pese a la l\u00f3gica colaboraci\u00f3n entre administraciones cada uno debe tener unas funciones claras a la hora de intervenir en procedimientos administrativos\u00bb, indicaron desde DCA.<\/p>\n<p style=\"text-align: justify;\">Es por ello que la realizaci\u00f3n de unos tr\u00e1mites administrativos sobre propiedades en San Mart\u00edn del Tesorillo el pasado <strong>16 de enero<\/strong> llam\u00f3 la atenci\u00f3n de miembros de esta Asociaci\u00f3n: <strong>Son tr\u00e1mites en San Mart\u00edn del Tesorillo que afectan a parcelas y propietarios de este t\u00e9rmino municipal, sin embargo quien acude y firma como representante de la administraci\u00f3n local es el Alcalde del vecino municipio de Jimena de la Frontera.<a href=\"https:\/\/democraciaactiva.eu\/wp-content\/uploads\/2019\/01\/19741-1.jpg\"><img decoding=\"async\" loading=\"lazy\" class=\"aligncenter size-medium wp-image-1794\" src=\"https:\/\/democraciaactiva.eu\/wp-content\/uploads\/2019\/01\/19741-1-213x300.jpg\" alt=\"\" width=\"213\" height=\"300\" srcset=\"https:\/\/democraciaactiva.eu\/wp-content\/uploads\/2019\/01\/19741-1-213x300.jpg 213w, https:\/\/democraciaactiva.eu\/wp-content\/uploads\/2019\/01\/19741-1-728x1024.jpg 728w, https:\/\/democraciaactiva.eu\/wp-content\/uploads\/2019\/01\/19741-1.jpg 737w\" sizes=\"(max-width: 213px) 100vw, 213px\" \/><\/a><a href=\"https:\/\/democraciaactiva.eu\/wp-content\/uploads\/2019\/01\/19741-2.jpg\"><img decoding=\"async\" loading=\"lazy\" class=\"aligncenter size-medium wp-image-1795\" src=\"https:\/\/democraciaactiva.eu\/wp-content\/uploads\/2019\/01\/19741-2-300x175.jpg\" alt=\"\" width=\"300\" height=\"175\" srcset=\"https:\/\/democraciaactiva.eu\/wp-content\/uploads\/2019\/01\/19741-2-300x175.jpg 300w, https:\/\/democraciaactiva.eu\/wp-content\/uploads\/2019\/01\/19741-2.jpg 753w\" sizes=\"(max-width: 300px) 100vw, 300px\" \/><\/a><\/strong><\/p>\n<p style=\"text-align: justify;\">En vista de la extra\u00f1a situaci\u00f3n, y tras consultar con las administraciones competentes que entienden igualmente que <strong>desde el pasado 2 de enero los representantes del municipio de Jimena de la Frontera (Ayuntamiento matriz) no lo son del t\u00e9rmino segregado de San Mart\u00edn del Tesorillo<\/strong>, desde DCA se ha remitido una <strong>solicitud a la Consejer\u00eda de Empleo de la Junta de Andaluc\u00eda<\/strong> para conocer m\u00e1s informaci\u00f3n sobre lo ocurrido.\u00a0Con ello se pretende que explique la participaci\u00f3n de cargos p\u00fablicos de otros municipios en los tr\u00e1mites administrativos que afecten al nuevo municipio, as\u00ed como que remita determinada documentaci\u00f3n para comprobar la situaci\u00f3n.<\/p>\n","protected":false},"excerpt":{"rendered":"<div class=\"mh-excerpt\"><p>Tras d\u00e9cadas de tr\u00e1mites administrativos el pasado a\u00f1o la Junta de Andaluc\u00eda Decret\u00f3 la creaci\u00f3n de 8 nuevos municipios en Andaluc\u00eda, entre ellos el gaditano <a class=\"mh-excerpt-more\" href=\"https:\/\/democraciaactiva.eu\/?p=1792\" title=\"La Junta olvida a San Mart\u00edn del Tesorillo en los tr\u00e1mites de su municipio\">[&#8230;]<\/a><\/p>\n<\/div>","protected":false},"author":1,"featured_media":1793,"comment_status":"open","ping_status":"open","sticky":false,"template":"","format":"standard","meta":[],"categories":[5],"tags":[],"_links":{"self":[{"href":"https:\/\/democraciaactiva.eu\/index.php?rest_route=\/wp\/v2\/posts\/1792"}],"collection":[{"href":"https:\/\/democraciaactiva.eu\/index.php?rest_route=\/wp\/v2\/posts"}],"about":[{"href":"https:\/\/democraciaactiva.eu\/index.php?rest_route=\/wp\/v2\/types\/post"}],"author":[{"embeddable":true,"href":"https:\/\/democraciaactiva.eu\/index.php?rest_route=\/wp\/v2\/users\/1"}],"replies":[{"embeddable":true,"href":"https:\/\/democraciaactiva.eu\/index.php?rest_route=%2Fwp%2Fv2%2Fcomments&post=1792"}],"version-history":[{"count":4,"href":"https:\/\/democraciaactiva.eu\/index.php?rest_route=\/wp\/v2\/posts\/1792\/revisions"}],"predecessor-version":[{"id":1799,"href":"https:\/\/democraciaactiva.eu\/index.php?rest_route=\/wp\/v2\/posts\/1792\/revisions\/1799"}],"wp:featuredmedia":[{"embeddable":true,"href":"https:\/\/democraciaactiva.eu\/index.php?rest_route=\/wp\/v2\/media\/1793"}],"wp:attachment":[{"href":"https:\/\/democraciaactiva.eu\/index.php?rest_route=%2Fwp%2Fv2%2Fmedia&parent=1792"}],"wp:term":[{"taxonomy":"category","embeddable":true,"href":"https:\/\/democraciaactiva.eu\/index.php?rest_route=%2Fwp%2Fv2%2Fcategories&post=1792"},{"taxonomy":"post_tag","embeddable":true,"href":"https:\/\/democraciaactiva.eu\/index.php?rest_route=%2Fwp%2Fv2%2Ftags&post=1792"}],"curies":[{"name":"wp","href":"https:\/\/api.w.org\/{rel}","templated":true}]}}