{"id":179,"date":"2014-04-10T17:43:10","date_gmt":"2014-04-10T16:43:10","guid":{"rendered":"http:\/\/democraciaactiva.eu\/?p=179"},"modified":"2014-04-10T17:43:10","modified_gmt":"2014-04-10T16:43:10","slug":"el-concejal-juan-jose-puerta-avala-el-derecho-a-la-informacion-de-las-asociaciones","status":"publish","type":"post","link":"https:\/\/democraciaactiva.eu\/?p=179","title":{"rendered":"El Concejal Juan Jos\u00e9 Puerta avala el derecho a la informaci\u00f3n de las Asociaciones"},"content":{"rendered":"<p><a href=\"https:\/\/democraciaactiva.eu\/wp-content\/uploads\/2014\/04\/puerta.jpg\"><img decoding=\"async\" loading=\"lazy\" class=\"aligncenter size-medium wp-image-183\" alt=\"puerta\" src=\"https:\/\/democraciaactiva.eu\/wp-content\/uploads\/2014\/04\/puerta-300x166.jpg\" width=\"300\" height=\"166\" \/><\/a>Tras rechazar el Ayuntamiento de San Roque de todas las peticiones de informaci\u00f3n realizadas por la asociaci\u00f3n Defensa Ciudadana Activa, el Concejal Juan Jos\u00e9 Puerta se ha ofrecido a avalar el derecho de acceso y ha solicitado las mismas informaciones como representante p\u00fablico.<\/p>\n<p><strong>Como edil, el plazo de acceso a la informaci\u00f3n es mucho m\u00e1s breve, s\u00f3lo de cinco d\u00edas,<\/strong> cuando DCA llevaba esperando pacientemente en algunos casos seis meses respuestas que, finalmente, fueron s\u00f3lo excusas para dilatar a\u00fan m\u00e1s el acceso a la informaci\u00f3n.<\/p>\n<p>De este modo, Puerta ha informado que \u201ccomo representante p\u00fablico ofrezco mi colaboraci\u00f3n para que se respete el derecho a la informaci\u00f3n de cualquier Asociaci\u00f3n. Como es conocido la Ordenanza Municipal de Participaci\u00f3n Ciudadana establece el plazo de un mes para que los vecinos y asociaciones reciban respuesta, aunque soy consciente de que esos plazos no se cumplen.\u201d, inform\u00f3<\/p>\n<p>El edil <strong>abrir\u00eda de este modo las puertas del Consistorio a la informaci\u00f3n y participaci\u00f3n ciudadana<\/strong>, esperando se tome nota desde el Ayuntamiento \u201cy procuren fomentar la informaci\u00f3n y participaci\u00f3n en lugar de bloquearla como vienen haciendo.\u201d, denunci\u00f3.<\/p>\n<p>Desde DCA <strong>se aplaudi\u00f3 la iniciativa del edil que consider\u00f3 \u201cpropia de un verdadero representante p\u00fablico que debe velar por la transparencia y la participaci\u00f3n en las administraciones p\u00fablicas.\u201d<\/strong><\/p>\n<p>El colectivo Defensa Ciudadana Activa <strong>trasladar\u00e1 al edil algunos casos de ciudadanos que tambi\u00e9n llevan a\u00f1os esperando respuestas del Consistorio<\/strong>, en espera de que pueda conseguir romper la disciplina de silencio que se impone desde la administraci\u00f3n local a ciertos ciudadanos y colectivos. <\/p>\n","protected":false},"excerpt":{"rendered":"<div class=\"mh-excerpt\"><p>Tras rechazar el Ayuntamiento de San Roque de todas las peticiones de informaci\u00f3n realizadas por la asociaci\u00f3n Defensa Ciudadana Activa, el Concejal Juan Jos\u00e9 Puerta <a class=\"mh-excerpt-more\" href=\"https:\/\/democraciaactiva.eu\/?p=179\" title=\"El Concejal Juan Jos\u00e9 Puerta avala el derecho a la informaci\u00f3n de las Asociaciones\">[&#8230;]<\/a><\/p>\n<\/div>","protected":false},"author":1,"featured_media":0,"comment_status":"open","ping_status":"open","sticky":false,"template":"","format":"standard","meta":[],"categories":[12],"tags":[],"_links":{"self":[{"href":"https:\/\/democraciaactiva.eu\/index.php?rest_route=\/wp\/v2\/posts\/179"}],"collection":[{"href":"https:\/\/democraciaactiva.eu\/index.php?rest_route=\/wp\/v2\/posts"}],"about":[{"href":"https:\/\/democraciaactiva.eu\/index.php?rest_route=\/wp\/v2\/types\/post"}],"author":[{"embeddable":true,"href":"https:\/\/democraciaactiva.eu\/index.php?rest_route=\/wp\/v2\/users\/1"}],"replies":[{"embeddable":true,"href":"https:\/\/democraciaactiva.eu\/index.php?rest_route=%2Fwp%2Fv2%2Fcomments&post=179"}],"version-history":[{"count":0,"href":"https:\/\/democraciaactiva.eu\/index.php?rest_route=\/wp\/v2\/posts\/179\/revisions"}],"wp:attachment":[{"href":"https:\/\/democraciaactiva.eu\/index.php?rest_route=%2Fwp%2Fv2%2Fmedia&parent=179"}],"wp:term":[{"taxonomy":"category","embeddable":true,"href":"https:\/\/democraciaactiva.eu\/index.php?rest_route=%2Fwp%2Fv2%2Fcategories&post=179"},{"taxonomy":"post_tag","embeddable":true,"href":"https:\/\/democraciaactiva.eu\/index.php?rest_route=%2Fwp%2Fv2%2Ftags&post=179"}],"curies":[{"name":"wp","href":"https:\/\/api.w.org\/{rel}","templated":true}]}}