{"id":1782,"date":"2018-12-28T13:54:02","date_gmt":"2018-12-28T13:54:02","guid":{"rendered":"http:\/\/democraciaactiva.eu\/?p=1782"},"modified":"2018-12-28T13:57:10","modified_gmt":"2018-12-28T13:57:10","slug":"fiscalizan-los-cargos-de-confianza-en-san-roque-cadiz","status":"publish","type":"post","link":"https:\/\/democraciaactiva.eu\/?p=1782","title":{"rendered":"Fiscalizan los cargos de confianza en San Roque (C\u00e1diz)"},"content":{"rendered":"<p style=\"text-align: justify;\">Desde la asociaci\u00f3n Defensa Ciudadana Activa se ha solicitado al Ayuntamiento de San Roque (C\u00e1diz) copia de la documentaci\u00f3n presentada por los cargos de confianza para justificar que cumplen los requisitos para sus puestos de trabajo.<\/p>\n<p style=\"text-align: justify;\">Hay que recordar que los cargos de confianza en el Ayuntamiento de San Roque, de libre designaci\u00f3n por el Alcalde, tienen unas funciones concretas y, para ello, <strong>deben tener determinada titulaci\u00f3n seg\u00fan la relaci\u00f3n de puestos de trabajo.<a href=\"https:\/\/democraciaactiva.eu\/wp-content\/uploads\/2018\/12\/RPT.jpg\"><img decoding=\"async\" loading=\"lazy\" class=\"aligncenter size-medium wp-image-1784\" src=\"https:\/\/democraciaactiva.eu\/wp-content\/uploads\/2018\/12\/RPT-146x300.jpg\" alt=\"\" width=\"146\" height=\"300\" srcset=\"https:\/\/democraciaactiva.eu\/wp-content\/uploads\/2018\/12\/RPT-146x300.jpg 146w, https:\/\/democraciaactiva.eu\/wp-content\/uploads\/2018\/12\/RPT-498x1024.jpg 498w, https:\/\/democraciaactiva.eu\/wp-content\/uploads\/2018\/12\/RPT.jpg 671w\" sizes=\"(max-width: 146px) 100vw, 146px\" \/><\/a><\/strong><\/p>\n<p style=\"text-align: justify;\">De este modo hay personal que s\u00f3lo lleva la agenda y otra figura que es la del personal eventual para asesoramiento, d\u00e1ndose la circunstancia de que en San Roque existe una plaza especialmente cuestionada.<a href=\"https:\/\/democraciaactiva.eu\/wp-content\/uploads\/2018\/12\/Decreto-Roca.jpg\"><img decoding=\"async\" loading=\"lazy\" class=\"aligncenter size-medium wp-image-1785\" src=\"https:\/\/democraciaactiva.eu\/wp-content\/uploads\/2018\/12\/Decreto-Roca-213x300.jpg\" alt=\"\" width=\"213\" height=\"300\" srcset=\"https:\/\/democraciaactiva.eu\/wp-content\/uploads\/2018\/12\/Decreto-Roca-213x300.jpg 213w, https:\/\/democraciaactiva.eu\/wp-content\/uploads\/2018\/12\/Decreto-Roca-768x1082.jpg 768w, https:\/\/democraciaactiva.eu\/wp-content\/uploads\/2018\/12\/Decreto-Roca-727x1024.jpg 727w, https:\/\/democraciaactiva.eu\/wp-content\/uploads\/2018\/12\/Decreto-Roca.jpg 892w\" sizes=\"(max-width: 213px) 100vw, 213px\" \/><\/a><\/p>\n<p style=\"text-align: justify;\">Se tratar\u00eda del anterior edil Juan Roca, al que los medios municipales de informaci\u00f3n describen en todo momento como \u00abAsesor de Alcald\u00eda\u00bb, y el propio Decreto con su nombramiento especifica igualmente tal circunstancia. Por ello seg\u00fan la relaci\u00f3n de puestos de trabajo para el mismo <strong>se requiere la titulaci\u00f3n de Licenciatura o Diplomatura<\/strong>, \u00aby <strong>salvo que tenga una licenciatura en Arte no parece que est\u00e9 aplicando su formaci\u00f3n o pueda asesorar en nada<\/strong>. Por ello entendemos que es l\u00f3gico que las administraciones hagan un ejercicio de transparencia y expliquen en qu\u00e9 materia destaca para ser el m\u00e1s apto como asesor\u00bb, indicaron.<\/p>\n<p style=\"text-align: justify;\">Por ello <strong>desde DCA se ha iniciado un expediente informativo<\/strong> con objeto de recabar la mayor informaci\u00f3n sobre estos puestos de trabajo de forma que sean transparentes dado el alto coste que tienen para el ciudadano.<\/p>\n","protected":false},"excerpt":{"rendered":"<div class=\"mh-excerpt\"><p>Desde la asociaci\u00f3n Defensa Ciudadana Activa se ha solicitado al Ayuntamiento de San Roque (C\u00e1diz) copia de la documentaci\u00f3n presentada por los cargos de confianza <a class=\"mh-excerpt-more\" href=\"https:\/\/democraciaactiva.eu\/?p=1782\" title=\"Fiscalizan los cargos de confianza en San Roque (C\u00e1diz)\">[&#8230;]<\/a><\/p>\n<\/div>","protected":false},"author":1,"featured_media":1785,"comment_status":"open","ping_status":"open","sticky":false,"template":"","format":"standard","meta":[],"categories":[5,19],"tags":[],"_links":{"self":[{"href":"https:\/\/democraciaactiva.eu\/index.php?rest_route=\/wp\/v2\/posts\/1782"}],"collection":[{"href":"https:\/\/democraciaactiva.eu\/index.php?rest_route=\/wp\/v2\/posts"}],"about":[{"href":"https:\/\/democraciaactiva.eu\/index.php?rest_route=\/wp\/v2\/types\/post"}],"author":[{"embeddable":true,"href":"https:\/\/democraciaactiva.eu\/index.php?rest_route=\/wp\/v2\/users\/1"}],"replies":[{"embeddable":true,"href":"https:\/\/democraciaactiva.eu\/index.php?rest_route=%2Fwp%2Fv2%2Fcomments&post=1782"}],"version-history":[{"count":2,"href":"https:\/\/democraciaactiva.eu\/index.php?rest_route=\/wp\/v2\/posts\/1782\/revisions"}],"predecessor-version":[{"id":1786,"href":"https:\/\/democraciaactiva.eu\/index.php?rest_route=\/wp\/v2\/posts\/1782\/revisions\/1786"}],"wp:featuredmedia":[{"embeddable":true,"href":"https:\/\/democraciaactiva.eu\/index.php?rest_route=\/wp\/v2\/media\/1785"}],"wp:attachment":[{"href":"https:\/\/democraciaactiva.eu\/index.php?rest_route=%2Fwp%2Fv2%2Fmedia&parent=1782"}],"wp:term":[{"taxonomy":"category","embeddable":true,"href":"https:\/\/democraciaactiva.eu\/index.php?rest_route=%2Fwp%2Fv2%2Fcategories&post=1782"},{"taxonomy":"post_tag","embeddable":true,"href":"https:\/\/democraciaactiva.eu\/index.php?rest_route=%2Fwp%2Fv2%2Ftags&post=1782"}],"curies":[{"name":"wp","href":"https:\/\/api.w.org\/{rel}","templated":true}]}}