{"id":1771,"date":"2018-11-08T23:12:47","date_gmt":"2018-11-08T23:12:47","guid":{"rendered":"http:\/\/democraciaactiva.eu\/?p=1771"},"modified":"2018-11-08T23:18:56","modified_gmt":"2018-11-08T23:18:56","slug":"los-barrios-podria-estar-apoyando-las-capturas-ilegales-de-felinos","status":"publish","type":"post","link":"https:\/\/democraciaactiva.eu\/?p=1771","title":{"rendered":"Los Barrios podr\u00eda estar apoyando las capturas ilegales de felinos"},"content":{"rendered":"<p style=\"text-align: justify;\">A pesar del tiempo transcurrido el Ayuntamiento de Los Barrios parece <strong>no tener intenci\u00f3n alguna de investigar qui\u00e9nes fomentan y ejecutan la captura de felinos<\/strong> que se viene detectando en zonas de su t\u00e9rmino municipal.<\/p>\n<p style=\"text-align: justify;\">De hecho por el material utilizado las empresas que est\u00e1n llevando a cabo <strong>las capturas podr\u00edan contar con ayuda municipal<\/strong>, algo que justificar\u00eda el silencio del consistorio y la ausencia de medidas para acabar con estas pr\u00e1cticas.<\/p>\n<figure id=\"attachment_1773\" aria-describedby=\"caption-attachment-1773\" style=\"width: 300px\" class=\"wp-caption aligncenter\"><a href=\"https:\/\/democraciaactiva.eu\/wp-content\/uploads\/2018\/11\/gatos2.jpg\"><img decoding=\"async\" loading=\"lazy\" class=\"wp-image-1773 size-medium\" src=\"https:\/\/democraciaactiva.eu\/wp-content\/uploads\/2018\/11\/gatos2-300x274.jpg\" alt=\"\" width=\"300\" height=\"274\" srcset=\"https:\/\/democraciaactiva.eu\/wp-content\/uploads\/2018\/11\/gatos2-300x274.jpg 300w, https:\/\/democraciaactiva.eu\/wp-content\/uploads\/2018\/11\/gatos2-768x702.jpg 768w, https:\/\/democraciaactiva.eu\/wp-content\/uploads\/2018\/11\/gatos2.jpg 783w\" sizes=\"(max-width: 300px) 100vw, 300px\" \/><\/a><figcaption id=\"caption-attachment-1773\" class=\"wp-caption-text\">Veh\u00edculo realizando capturas ilegales en urbanizaciones de Los Barrios<\/figcaption><\/figure>\n<p style=\"text-align: justify;\">Una vez recabada suficiente informaci\u00f3n se proceder\u00e1 a la denuncia de esta situaci\u00f3n a otras instancias, de modo que <strong>la administraci\u00f3n explique qu\u00e9 gestiones ha llevado a cabo tras las primeras denuncias para localizar a los culpables<\/strong>, porque \u00abno es l\u00f3gico que los ciudadanos tengan todo tipo de informaci\u00f3n sobre qui\u00e9nes y qu\u00e9 est\u00e1n haciendo y una administraci\u00f3n p\u00fablica con todos sus recursos no mueva un dedo\u00bb, indicaron.<\/p>\n<p><img decoding=\"async\" loading=\"lazy\" class=\"aligncenter size-medium wp-image-1772\" src=\"https:\/\/democraciaactiva.eu\/wp-content\/uploads\/2018\/11\/Gatos1-300x225.jpg\" alt=\"\" width=\"300\" height=\"225\" srcset=\"https:\/\/democraciaactiva.eu\/wp-content\/uploads\/2018\/11\/Gatos1-300x225.jpg 300w, https:\/\/democraciaactiva.eu\/wp-content\/uploads\/2018\/11\/Gatos1-768x575.jpg 768w, https:\/\/democraciaactiva.eu\/wp-content\/uploads\/2018\/11\/Gatos1-678x509.jpg 678w, https:\/\/democraciaactiva.eu\/wp-content\/uploads\/2018\/11\/Gatos1-326x245.jpg 326w, https:\/\/democraciaactiva.eu\/wp-content\/uploads\/2018\/11\/Gatos1-80x60.jpg 80w, https:\/\/democraciaactiva.eu\/wp-content\/uploads\/2018\/11\/Gatos1.jpg 960w\" sizes=\"(max-width: 300px) 100vw, 300px\" \/><\/p>\n<p style=\"text-align: justify;\">Desde la Asociaci\u00f3n se aportar\u00e1n adem\u00e1s los \u00ab<strong>documentos falsos que han sido remitidos desde la administraci\u00f3n local para tapar el expediente, con s\u00edntomas evidentes de estar siendo fabricados sobre la marcha para poder justificar algo de la ca\u00f3tica situaci\u00f3n en que mantienen la protecci\u00f3n animal<\/strong>\u00ab<\/p>\n<p style=\"text-align: justify;\">En este sentido desde DCA se indic\u00f3 que tras las respuestas enviadas por el Consistorio a su petici\u00f3n inicial adem\u00e1s de las recibidas por distintos ciudadanos \u00abes evidente que hay material que ha sido creado sobre la marcha para tapar el expediente, lo cual es una <strong>clara vulneraci\u00f3n de la Ley de Transparencia<\/strong>\u00ab, denunciaron.<\/p>\n<p style=\"text-align: justify;\">Por otro lado, <strong>esta manipulaci\u00f3n de los documentos que se vienen enviando fuerzan, a juicio de DCA, a realizar una auditor\u00eda m\u00e1s exhaustiva de la empresa que tiene la concesi\u00f3n del servicio<\/strong> de recogida de animales. \u00abSi han tardado meses en fabricar documentos para cubrir el expediente de julio y agosto, esperamos que se pongan las pilas porque necesitaremos comprobar la documentaci\u00f3n del periodo de concesi\u00f3n completo adem\u00e1s de la documentaci\u00f3n presentada que falta del contrato\u00bb. Adem\u00e1s una vez comprobado que <strong>la empresa concesionaria no estar\u00eda cumpliendo con su obligaci\u00f3n de publicidad activa recogida en la Ley de Transparencia<\/strong>, \u00abse informar\u00e1 igualmente al Consejo de Transparencia a los efectos oportunos, pudiendo ser sancionada por ello\u00bb<\/p>\n<p style=\"text-align: justify;\">Desde la Asociaci\u00f3n se indic\u00f3 as\u00ed mismo que se encuentran estudiando igualmente la posibilidad de <strong>presentar denuncia contra la Secretaria del Consistorio por su participaci\u00f3n en los intentos para frenar las peticiones ciudadanas<\/strong>. \u00abHasta la fecha no ha respondido sobre sus motivos para impedir el registro de documentos, aunque haya sido in\u00fatil, pero <strong>hemos comprobado que s\u00ed se ha permitido a otras personas registrar escritos en contra de la legislaci\u00f3n vigente,\u00a0<\/strong>por lo que entendemos que podr\u00eda haberse cometido un delito de prevaricaci\u00f3n y es nuestra obligaci\u00f3n ponerlo en conocimiento de las autoridades competentes\u00bb.<\/p>\n<p style=\"text-align: justify;\">Por \u00faltimo desde DCA se lamenta que el Consistorio est\u00e9 utilizando \u00ab<strong>caramelos envenenados<\/strong>\u00bb como las <strong>promesas de aplicaci\u00f3n del m\u00e9todo CES para tapar las cr\u00edticas mientras permiten que se exterminen los felinos de sus urbanizaciones<\/strong>, as\u00ed como para justificar la concesi\u00f3n a la empresa que actualmente presta sus servicios para pr\u00e1cticamente toda la comarca. \u00abL\u00f3gicamente cada vez desaparecer\u00e1n menos felinos porque cada vez quedar\u00e1n menos, hasta que no haya que utilizar m\u00e9todo CES porque no haya animales que capturar, pero mientras tanto pretenden evitar explicar esta situaci\u00f3n con sus promesas pol\u00edticas\u00bb, finalizaron.<\/p>\n","protected":false},"excerpt":{"rendered":"<div class=\"mh-excerpt\"><p>A pesar del tiempo transcurrido el Ayuntamiento de Los Barrios parece no tener intenci\u00f3n alguna de investigar qui\u00e9nes fomentan y ejecutan la captura de felinos <a class=\"mh-excerpt-more\" href=\"https:\/\/democraciaactiva.eu\/?p=1771\" title=\"Los Barrios podr\u00eda estar apoyando las capturas ilegales de felinos\">[&#8230;]<\/a><\/p>\n<\/div>","protected":false},"author":1,"featured_media":1772,"comment_status":"open","ping_status":"open","sticky":false,"template":"","format":"standard","meta":[],"categories":[14],"tags":[],"_links":{"self":[{"href":"https:\/\/democraciaactiva.eu\/index.php?rest_route=\/wp\/v2\/posts\/1771"}],"collection":[{"href":"https:\/\/democraciaactiva.eu\/index.php?rest_route=\/wp\/v2\/posts"}],"about":[{"href":"https:\/\/democraciaactiva.eu\/index.php?rest_route=\/wp\/v2\/types\/post"}],"author":[{"embeddable":true,"href":"https:\/\/democraciaactiva.eu\/index.php?rest_route=\/wp\/v2\/users\/1"}],"replies":[{"embeddable":true,"href":"https:\/\/democraciaactiva.eu\/index.php?rest_route=%2Fwp%2Fv2%2Fcomments&post=1771"}],"version-history":[{"count":4,"href":"https:\/\/democraciaactiva.eu\/index.php?rest_route=\/wp\/v2\/posts\/1771\/revisions"}],"predecessor-version":[{"id":1777,"href":"https:\/\/democraciaactiva.eu\/index.php?rest_route=\/wp\/v2\/posts\/1771\/revisions\/1777"}],"wp:featuredmedia":[{"embeddable":true,"href":"https:\/\/democraciaactiva.eu\/index.php?rest_route=\/wp\/v2\/media\/1772"}],"wp:attachment":[{"href":"https:\/\/democraciaactiva.eu\/index.php?rest_route=%2Fwp%2Fv2%2Fmedia&parent=1771"}],"wp:term":[{"taxonomy":"category","embeddable":true,"href":"https:\/\/democraciaactiva.eu\/index.php?rest_route=%2Fwp%2Fv2%2Fcategories&post=1771"},{"taxonomy":"post_tag","embeddable":true,"href":"https:\/\/democraciaactiva.eu\/index.php?rest_route=%2Fwp%2Fv2%2Ftags&post=1771"}],"curies":[{"name":"wp","href":"https:\/\/api.w.org\/{rel}","templated":true}]}}