{"id":1753,"date":"2018-09-21T18:43:44","date_gmt":"2018-09-21T16:43:44","guid":{"rendered":"http:\/\/democraciaactiva.eu\/?p=1753"},"modified":"2018-09-21T18:43:44","modified_gmt":"2018-09-21T16:43:44","slug":"ediles-que-no-pueden-intervenir-en-plenos-segun-la-secretaria-de-ambite-madrid","status":"publish","type":"post","link":"https:\/\/democraciaactiva.eu\/?p=1753","title":{"rendered":"La Secretaria de Ambite (Madrid) intenta amordazar a los ediles"},"content":{"rendered":"<p style=\"text-align: justify;\">Desde las campa\u00f1as contra ciudadanos que grababan los plenos <strong>no ve\u00edamos nada m\u00e1s absurdo que esta prohibici\u00f3n encubierta en Ambite (Madrid)<\/strong>, orquestada al parecer por la funcionaria que ejerce como secretaria municipal y su peculiar interpretaci\u00f3n de la Ley.<\/p>\n<p style=\"text-align: justify;\">El punto en cuesti\u00f3n se trataba un tr\u00e1mite sobre una urbanizaci\u00f3n de este municipio, un paso m\u00e1s para la finalizaci\u00f3n de \u00e9sta, y <strong>la Secretaria advert\u00eda a una concejala que, por residir en dicha urbanizaci\u00f3n, no pod\u00eda votar \u00abni siquiera preguntar\u00bb<\/strong> (sic) sobre ese punto al ser persona interesada.<\/p>\n<p style=\"text-align: justify;\">La secretaria insist\u00eda adem\u00e1s en que de votar -o preguntar sobre el tema- <strong>denunciar\u00eda ante la Fiscal\u00eda y la Delegaci\u00f3n del Gobierno por su responsabilidad&#8230;<\/strong><\/p>\n<p><iframe loading=\"lazy\" width=\"500\" height=\"281\" src=\"https:\/\/www.youtube.com\/embed\/uPRi8FbOlTQ?feature=oembed\" frameborder=\"0\" allow=\"autoplay; encrypted-media\" allowfullscreen><\/iframe><\/p>\n<p style=\"text-align: justify;\">Ante estas presiones la edil, <strong>miembro de la Asociaci\u00f3n Defensa Ciudadana Activa, opt\u00f3 por seguir adelante y arriesgarse con la denuncia de la secretaria<\/strong>, resolviendo entonces el gobierno municipal dejar el punto sobre la mesa.<\/p>\n<p style=\"text-align: justify;\"><strong>\u00bfHasta cu\u00e1ndo van a servir los funcionarios de escudo pol\u00edtico a los gobiernos?<\/strong>, \u00bfno creen que cumplen mejor su funci\u00f3n asesorando de forma imparcial antes de quedar en rid\u00edculo mintiendo para tratar de coaccionar a leg\u00edtimos representantes p\u00fablicos?<\/p>\n<p style=\"text-align: justify;\">Lamentablemente esto que deber\u00eda ser una an\u00e9cdota es s\u00f3lo un peque\u00f1o ejemplo de tantos que se ven a diario en los miles de municipios y administraciones de todo tipo, perjudicando gravemente el trabajo de los miles de funcionarios que quieren desarrollar su labor honestamente.<\/p>\n<p style=\"text-align: justify;\">Desde Defensa Ciudadana Activa <strong>rogamos a esta Secretaria que remita cuanto antes su informe a la Fiscal\u00eda por la desobediencia de esta concejal<\/strong>, miembro igualmente de esta Asociaci\u00f3n, pero sin perder un minuto, de modo que pueda aclararse si realmente ten\u00eda un m\u00ednimo de raz\u00f3n en sus planteamientos. De lo contrario seguiremos pensando que <strong>\u00fanicamente buscaba intimidarla para evitar que pueda llevar a cabo su leg\u00edtima labor como representante electo<\/strong>.<\/p>\n","protected":false},"excerpt":{"rendered":"<div class=\"mh-excerpt\"><p>Desde las campa\u00f1as contra ciudadanos que grababan los plenos no ve\u00edamos nada m\u00e1s absurdo que esta prohibici\u00f3n encubierta en Ambite (Madrid), orquestada al parecer por <a class=\"mh-excerpt-more\" href=\"https:\/\/democraciaactiva.eu\/?p=1753\" title=\"La Secretaria de Ambite (Madrid) intenta amordazar a los ediles\">[&#8230;]<\/a><\/p>\n<\/div>","protected":false},"author":1,"featured_media":1754,"comment_status":"closed","ping_status":"open","sticky":false,"template":"","format":"standard","meta":[],"categories":[5,6],"tags":[],"_links":{"self":[{"href":"https:\/\/democraciaactiva.eu\/index.php?rest_route=\/wp\/v2\/posts\/1753"}],"collection":[{"href":"https:\/\/democraciaactiva.eu\/index.php?rest_route=\/wp\/v2\/posts"}],"about":[{"href":"https:\/\/democraciaactiva.eu\/index.php?rest_route=\/wp\/v2\/types\/post"}],"author":[{"embeddable":true,"href":"https:\/\/democraciaactiva.eu\/index.php?rest_route=\/wp\/v2\/users\/1"}],"replies":[{"embeddable":true,"href":"https:\/\/democraciaactiva.eu\/index.php?rest_route=%2Fwp%2Fv2%2Fcomments&post=1753"}],"version-history":[{"count":0,"href":"https:\/\/democraciaactiva.eu\/index.php?rest_route=\/wp\/v2\/posts\/1753\/revisions"}],"wp:featuredmedia":[{"embeddable":true,"href":"https:\/\/democraciaactiva.eu\/index.php?rest_route=\/"}],"wp:attachment":[{"href":"https:\/\/democraciaactiva.eu\/index.php?rest_route=%2Fwp%2Fv2%2Fmedia&parent=1753"}],"wp:term":[{"taxonomy":"category","embeddable":true,"href":"https:\/\/democraciaactiva.eu\/index.php?rest_route=%2Fwp%2Fv2%2Fcategories&post=1753"},{"taxonomy":"post_tag","embeddable":true,"href":"https:\/\/democraciaactiva.eu\/index.php?rest_route=%2Fwp%2Fv2%2Ftags&post=1753"}],"curies":[{"name":"wp","href":"https:\/\/api.w.org\/{rel}","templated":true}]}}