{"id":1742,"date":"2018-09-18T17:20:03","date_gmt":"2018-09-18T15:20:03","guid":{"rendered":"http:\/\/democraciaactiva.eu\/?p=1742"},"modified":"2018-09-18T17:20:03","modified_gmt":"2018-09-18T15:20:03","slug":"las-pantallas-acusticas-ojen-marbella-no-era-las-autorizadas","status":"publish","type":"post","link":"https:\/\/democraciaactiva.eu\/?p=1742","title":{"rendered":"Las pantallas ac\u00fasticas Ojen-Marbella no eran las autorizadas"},"content":{"rendered":"<p style=\"text-align: justify;\">Tras esperar varios meses la documentaci\u00f3n relativa a la instalaci\u00f3n de pantallas ac\u00fasticas en la carretera de Ojen-Marbella, <a href=\"https:\/\/www.malagahoy.es\/malaga_costa\/Denuncian-colocacion-pantallas-acusticas-Ojen_0_1260474331.html\">por las que murieron gran cantidad de aves a principios de verano<\/a>, y soportar algunas excusas de la administraci\u00f3n, \u00e9sta finalmente ha remitido el expediente.<\/p>\n<p style=\"text-align: justify;\">Los paneles fueron r\u00e1pidamente se\u00f1alados con cinta y pinturas para evitar en lo posible m\u00e1s muertes de animales, <strong>tras la denuncia en redes sociales de la p\u00e1gina de Facebook \u00abMarbella se queja\u00bb<\/strong> que tuvo un gran seguimiento en la zona.<\/p>\n<p style=\"text-align: justify;\"><a href=\"https:\/\/democraciaactiva.eu\/wp-content\/uploads\/2018\/09\/Paneles-primero.jpg\"><img decoding=\"async\" loading=\"lazy\" class=\"aligncenter size-medium wp-image-1743\" src=\"https:\/\/democraciaactiva.eu\/wp-content\/uploads\/2018\/09\/Paneles-primero-300x169.jpg\" alt=\"\" width=\"300\" height=\"169\" \/><\/a><\/p>\n<p style=\"text-align: justify;\">Seg\u00fan se indica en el estudio presentado por la empresa Metalesa Seguridad Vial para la autorizaci\u00f3n, las pantallas se compon\u00edan de \u00ab<strong>paneles de acero galvanizado tipo MG3, formados por una chapa trasera de 1mm, una chapa delantera perforada de 1 mm y una capa intermedia de lana de 50 mm de espesor<\/strong>\u00ab, que como es obvio no fue lo instalado, sustituy\u00e9ndose sin que conste motivo alguno en el expediente por paneles de metacrilato totalmente transparentes.<a href=\"https:\/\/democraciaactiva.eu\/wp-content\/uploads\/2018\/09\/Paneles-Mijas.jpg\"><img decoding=\"async\" loading=\"lazy\" class=\"aligncenter size-medium wp-image-1744\" src=\"https:\/\/democraciaactiva.eu\/wp-content\/uploads\/2018\/09\/Paneles-Mijas-286x300.jpg\" alt=\"\" width=\"286\" height=\"300\" \/><\/a><\/p>\n<p style=\"text-align: justify;\">De haber cumplido la solicitud efectuada el aspecto hubiera sido similar a \u00e9ste:<a href=\"https:\/\/democraciaactiva.eu\/wp-content\/uploads\/2018\/09\/metalesa-panel-metalico-slider.jpg\"><img decoding=\"async\" loading=\"lazy\" class=\"aligncenter size-medium wp-image-1745\" src=\"https:\/\/democraciaactiva.eu\/wp-content\/uploads\/2018\/09\/metalesa-panel-metalico-slider-300x225.jpg\" alt=\"\" width=\"300\" height=\"225\" \/><\/a><\/p>\n<p style=\"text-align: justify;\">Dado que <strong>se solicit\u00f3 igualmente cualquier informe posterior o expediente sancionador<\/strong> por posibles incumplimientos, <strong>la administraci\u00f3n responde que no existe ninguno<\/strong>. Es decir, que ni ha quedado recogido en documentaci\u00f3n alguna la modificaci\u00f3n efectuada, la asistencia urgente que se hubo de dar a la zona para evitar m\u00e1s muertes de animales, ni mucho menos se ha iniciado expediente sancionador por incumplir la solicitud presentada y el da\u00f1o causado. De este modo <strong>se afianza la impunidad con la que, determinadas empresas tal vez, pueden actuar sin responder en modo alguno<\/strong>.<\/p>\n<p style=\"text-align: justify;\">Quedan a\u00fan unas solicitudes por contestar, pero dada la claridad de la primera respuesta se remitir\u00e1 queja a la Oficina del Defensor del Pueblo rechazando la falta de control de la administraci\u00f3n sobre determinadas empresas con claro perjuicio para los ciudadanos.<\/p>\n","protected":false},"excerpt":{"rendered":"<div class=\"mh-excerpt\"><p>Tras esperar varios meses la documentaci\u00f3n relativa a la instalaci\u00f3n de pantallas ac\u00fasticas en la carretera de Ojen-Marbella, por las que murieron gran cantidad de <a class=\"mh-excerpt-more\" href=\"https:\/\/democraciaactiva.eu\/?p=1742\" title=\"Las pantallas ac\u00fasticas Ojen-Marbella no eran las autorizadas\">[&#8230;]<\/a><\/p>\n<\/div>","protected":false},"author":1,"featured_media":1743,"comment_status":"closed","ping_status":"open","sticky":false,"template":"","format":"standard","meta":[],"categories":[8,15],"tags":[],"_links":{"self":[{"href":"https:\/\/democraciaactiva.eu\/index.php?rest_route=\/wp\/v2\/posts\/1742"}],"collection":[{"href":"https:\/\/democraciaactiva.eu\/index.php?rest_route=\/wp\/v2\/posts"}],"about":[{"href":"https:\/\/democraciaactiva.eu\/index.php?rest_route=\/wp\/v2\/types\/post"}],"author":[{"embeddable":true,"href":"https:\/\/democraciaactiva.eu\/index.php?rest_route=\/wp\/v2\/users\/1"}],"replies":[{"embeddable":true,"href":"https:\/\/democraciaactiva.eu\/index.php?rest_route=%2Fwp%2Fv2%2Fcomments&post=1742"}],"version-history":[{"count":0,"href":"https:\/\/democraciaactiva.eu\/index.php?rest_route=\/wp\/v2\/posts\/1742\/revisions"}],"wp:featuredmedia":[{"embeddable":true,"href":"https:\/\/democraciaactiva.eu\/index.php?rest_route=\/"}],"wp:attachment":[{"href":"https:\/\/democraciaactiva.eu\/index.php?rest_route=%2Fwp%2Fv2%2Fmedia&parent=1742"}],"wp:term":[{"taxonomy":"category","embeddable":true,"href":"https:\/\/democraciaactiva.eu\/index.php?rest_route=%2Fwp%2Fv2%2Fcategories&post=1742"},{"taxonomy":"post_tag","embeddable":true,"href":"https:\/\/democraciaactiva.eu\/index.php?rest_route=%2Fwp%2Fv2%2Ftags&post=1742"}],"curies":[{"name":"wp","href":"https:\/\/api.w.org\/{rel}","templated":true}]}}