{"id":1738,"date":"2018-09-16T18:42:32","date_gmt":"2018-09-16T16:42:32","guid":{"rendered":"http:\/\/democraciaactiva.eu\/?p=1738"},"modified":"2018-09-16T18:42:32","modified_gmt":"2018-09-16T16:42:32","slug":"srv-exige-copia-de-la-titulacion-de-sus-gobernantes-locales","status":"publish","type":"post","link":"https:\/\/democraciaactiva.eu\/?p=1738","title":{"rendered":"SRV exige copia de la titulaci\u00f3n de sus gobernantes locales"},"content":{"rendered":"<p style=\"text-align: justify;\">La Asociaci\u00f3n <a href=\"http:\/\/sanroquevivo.es\">San Roque Vivo<\/a>\u00a0ha remitido petici\u00f3n al Ayuntamiento de San Roque tras ocultar \u00e9ste el acceso al perfil y trayectoria profesional de sus cargos gobernantes.<a href=\"https:\/\/democraciaactiva.eu\/wp-content\/uploads\/2018\/09\/SRVTitulos.jpg\"><img decoding=\"async\" loading=\"lazy\" class=\"aligncenter size-medium wp-image-1739\" src=\"https:\/\/democraciaactiva.eu\/wp-content\/uploads\/2018\/09\/SRVTitulos-232x300.jpg\" alt=\"\" width=\"232\" height=\"300\" \/><\/a><\/p>\n<p style=\"text-align: justify;\">En ella, adem\u00e1s de solicitar que <strong>las \u00abaficiones particulares\u00bb, como pertenencia a asociaciones o partidos, se aparten de los datos profesionales<\/strong>, exigen copia de las titulaciones presentadas para avalar esos datos.<\/p>\n<p style=\"text-align: justify;\">La iniciativa parte de las dudas sobre ciertos perfiles, que podr\u00edan indicar <strong>licenciaturas que podr\u00edan ser s\u00f3lo estudios sin terminar, o titulaciones de idiomas en las que ni siquiera se especifica el grado<\/strong>. Por ello, y siendo documentaci\u00f3n emitida por administraciones p\u00fablicas, SRV considera tener derecho a copia de esta documentaci\u00f3n.<\/p>\n<p style=\"text-align: justify;\">En el caso de que los ediles <strong>no la hubieran aportado a la Secretar\u00eda General<\/strong>, desde el colectivo entienden que \u00e9sta deber\u00eda remitir la petici\u00f3n a las administraciones responsables de las titulaciones declaradas, conforme al <strong>art. 14.1 de la Ley 40\/2015<\/strong>, inform\u00e1ndoles de ello para poder realizar el seguimiento adecuado.<\/p>\n<p style=\"text-align: justify;\">Las dudas sobre si el Consistorio facilitar\u00e1 o no la transparencia sobre la formaci\u00f3n de sus ediles no deber\u00eda demorarse mucho, ya que <strong>en caso de no responder en un mes<\/strong> la asociaci\u00f3n ya ha anunciado que enviar\u00e1 la correspondiente <strong>reclamaci\u00f3n al Consejo de Transparencia de Andaluc\u00eda<\/strong>.<\/p>\n<p><a href=\"http:\/\/sanroquevivo.es\/?p=219\">Enlace a la petici\u00f3n de San Roque Vivo<\/a><\/p>\n","protected":false},"excerpt":{"rendered":"<div class=\"mh-excerpt\"><p>La Asociaci\u00f3n San Roque Vivo\u00a0ha remitido petici\u00f3n al Ayuntamiento de San Roque tras ocultar \u00e9ste el acceso al perfil y trayectoria profesional de sus cargos <a class=\"mh-excerpt-more\" href=\"https:\/\/democraciaactiva.eu\/?p=1738\" title=\"SRV exige copia de la titulaci\u00f3n de sus gobernantes locales\">[&#8230;]<\/a><\/p>\n<\/div>","protected":false},"author":1,"featured_media":1739,"comment_status":"closed","ping_status":"open","sticky":false,"template":"","format":"standard","meta":[],"categories":[8,19],"tags":[],"_links":{"self":[{"href":"https:\/\/democraciaactiva.eu\/index.php?rest_route=\/wp\/v2\/posts\/1738"}],"collection":[{"href":"https:\/\/democraciaactiva.eu\/index.php?rest_route=\/wp\/v2\/posts"}],"about":[{"href":"https:\/\/democraciaactiva.eu\/index.php?rest_route=\/wp\/v2\/types\/post"}],"author":[{"embeddable":true,"href":"https:\/\/democraciaactiva.eu\/index.php?rest_route=\/wp\/v2\/users\/1"}],"replies":[{"embeddable":true,"href":"https:\/\/democraciaactiva.eu\/index.php?rest_route=%2Fwp%2Fv2%2Fcomments&post=1738"}],"version-history":[{"count":0,"href":"https:\/\/democraciaactiva.eu\/index.php?rest_route=\/wp\/v2\/posts\/1738\/revisions"}],"wp:featuredmedia":[{"embeddable":true,"href":"https:\/\/democraciaactiva.eu\/index.php?rest_route=\/"}],"wp:attachment":[{"href":"https:\/\/democraciaactiva.eu\/index.php?rest_route=%2Fwp%2Fv2%2Fmedia&parent=1738"}],"wp:term":[{"taxonomy":"category","embeddable":true,"href":"https:\/\/democraciaactiva.eu\/index.php?rest_route=%2Fwp%2Fv2%2Fcategories&post=1738"},{"taxonomy":"post_tag","embeddable":true,"href":"https:\/\/democraciaactiva.eu\/index.php?rest_route=%2Fwp%2Fv2%2Ftags&post=1738"}],"curies":[{"name":"wp","href":"https:\/\/api.w.org\/{rel}","templated":true}]}}