{"id":1733,"date":"2018-09-14T10:49:22","date_gmt":"2018-09-14T08:49:22","guid":{"rendered":"http:\/\/democraciaactiva.eu\/?p=1733"},"modified":"2018-09-14T10:49:22","modified_gmt":"2018-09-14T08:49:22","slug":"los-barrios-mantiene-la-impunidad-ante-el-maltrato-animal","status":"publish","type":"post","link":"https:\/\/democraciaactiva.eu\/?p=1733","title":{"rendered":"Los Barrios mantiene la impunidad ante el maltrato animal"},"content":{"rendered":"<p style=\"text-align: justify;\">La Concejal de Sanidad de Los Barrios (C\u00e1diz) ha contestado la solicitud de informaci\u00f3n sobre la <a href=\"https:\/\/democraciaactiva.eu\/?p=1665\">cacer\u00eda de felinos que se estar\u00eda llevando a cabo en la zona de Guadacorte<\/a>\u00a0que <strong>podr\u00eda contar con la colaboraci\u00f3n de la empresa de recogida de animales (Zoosanitario) y posiblemente de personal municipal.<\/strong><\/p>\n<p style=\"text-align: justify;\">Cabe recordar que los responsables de la empresa contratada por este Ayuntamiento han sido <strong><a href=\"https:\/\/elpais.com\/sociedad\/2018\/09\/10\/actualidad\/1536602066_448614.html\">condenados recientemente por delito de maltrato animal<\/a>, por lo que \u00abtiene a\u00fan m\u00e1s importancia la fiscalizaci\u00f3n de sus instalaciones y m\u00e9todos<\/strong>, sobre todo si van a llevar a cabo campa\u00f1as de captura indiscriminada de felinos en distintas \u00e1reas, con colaboraci\u00f3n municipal\u00bb, indicaron.<\/p>\n<p style=\"text-align: justify;\">De las cuatro cuestiones solicitadas inicialmente la edil responsable del \u00e1rea, Carmen Rold\u00e1n, no ha facilitado la documentaci\u00f3n de ninguna correctamente. En cuanto al expediente de contrataci\u00f3n nos remite al anuncio de la licitaci\u00f3n, <strong>ocultando todas las condiciones que debe cumplir la empresa<\/strong>, las fichas de registro de los animales <strong>carecen de cualquier tipo de autenticaci\u00f3n oficial, por lo que m\u00e1s bien parecen haber sido realizadas sobre la marcha los \u00faltimos d\u00edas, y carecen de los datos m\u00ednimos para poder llevar cualquier control medianamente razonable de los animales<\/strong>, su situaci\u00f3n, y su destino definitivo.<a href=\"https:\/\/democraciaactiva.eu\/wp-content\/uploads\/2018\/09\/Carmen-Roldan.jpg\"><img decoding=\"async\" loading=\"lazy\" class=\"aligncenter size-medium wp-image-1734\" src=\"https:\/\/democraciaactiva.eu\/wp-content\/uploads\/2018\/09\/Carmen-Roldan-300x179.jpg\" alt=\"\" width=\"300\" height=\"179\" \/><\/a><\/p>\n<p style=\"text-align: justify;\">Igualmente los supuestos partes de Polic\u00eda Local carecen en su inmensa mayor\u00eda de identificaci\u00f3n o sellado de registro, no existe o no se facilita la relativa al registro de las llamadas, donde conste la identificaci\u00f3n de qui\u00e9nes entregan o avisan para la recogida de animales, o cualquier otro dato \u00fatil, por lo que se impide conocer qui\u00e9nes se dedicar\u00edan a la captura sistem\u00e1tica de gatos en su zona para enviarlos a la perrera.\u00bb<strong>Ante tal cantidad de fallos parece m\u00e1s una documentaci\u00f3n improvisada que algo real que preocupe a los responsables<\/strong>\u00ab, criticaron.<\/p>\n<p style=\"text-align: justify;\">Por \u00faltimo en relaci\u00f3n a la documentaci\u00f3n sobre los responsables de estos procedimientos <strong>la edil se limita a se\u00f1alar cuatro nombres sin adjuntar la documentaci\u00f3n solicitada.<\/strong><\/p>\n<p style=\"text-align: justify;\">Todo ello, sumado a las recientes notas de prensa de la edil en la que se omite cualquier referencia a quienes han causado el problema, <strong>hace pensar que seguir\u00e1n manteniendo la impunidad de quienes quieran exterminar de sus zonas cualquier tipo de animal<\/strong>, que incluso podr\u00eda contar con el apoyo de medios municipales.<\/p>\n<p style=\"text-align: justify;\">De esta forma DCA indic\u00f3 que \u00abel procedimiento pasar\u00e1 en breve al Consejo de Transparencia como reclamaci\u00f3n <strong>ante la negativa a facilitar la documentaci\u00f3n solicitada, sin perjuicio de que iniciemos una auditor\u00eda m\u00e1s completa sobre la empresa contratada<\/strong>, cuyos responsables han sido <strong>condenados por maltrato anima<\/strong>l, pero que al parecer mantienen el apoyo de casi todos los Ayuntamientos de la provincia\u00bb.<\/p>\n","protected":false},"excerpt":{"rendered":"<div class=\"mh-excerpt\"><p>La Concejal de Sanidad de Los Barrios (C\u00e1diz) ha contestado la solicitud de informaci\u00f3n sobre la cacer\u00eda de felinos que se estar\u00eda llevando a cabo <a class=\"mh-excerpt-more\" href=\"https:\/\/democraciaactiva.eu\/?p=1733\" title=\"Los Barrios mantiene la impunidad ante el maltrato animal\">[&#8230;]<\/a><\/p>\n<\/div>","protected":false},"author":1,"featured_media":1734,"comment_status":"closed","ping_status":"open","sticky":false,"template":"","format":"standard","meta":[],"categories":[14],"tags":[],"_links":{"self":[{"href":"https:\/\/democraciaactiva.eu\/index.php?rest_route=\/wp\/v2\/posts\/1733"}],"collection":[{"href":"https:\/\/democraciaactiva.eu\/index.php?rest_route=\/wp\/v2\/posts"}],"about":[{"href":"https:\/\/democraciaactiva.eu\/index.php?rest_route=\/wp\/v2\/types\/post"}],"author":[{"embeddable":true,"href":"https:\/\/democraciaactiva.eu\/index.php?rest_route=\/wp\/v2\/users\/1"}],"replies":[{"embeddable":true,"href":"https:\/\/democraciaactiva.eu\/index.php?rest_route=%2Fwp%2Fv2%2Fcomments&post=1733"}],"version-history":[{"count":0,"href":"https:\/\/democraciaactiva.eu\/index.php?rest_route=\/wp\/v2\/posts\/1733\/revisions"}],"wp:featuredmedia":[{"embeddable":true,"href":"https:\/\/democraciaactiva.eu\/index.php?rest_route=\/"}],"wp:attachment":[{"href":"https:\/\/democraciaactiva.eu\/index.php?rest_route=%2Fwp%2Fv2%2Fmedia&parent=1733"}],"wp:term":[{"taxonomy":"category","embeddable":true,"href":"https:\/\/democraciaactiva.eu\/index.php?rest_route=%2Fwp%2Fv2%2Fcategories&post=1733"},{"taxonomy":"post_tag","embeddable":true,"href":"https:\/\/democraciaactiva.eu\/index.php?rest_route=%2Fwp%2Fv2%2Ftags&post=1733"}],"curies":[{"name":"wp","href":"https:\/\/api.w.org\/{rel}","templated":true}]}}