{"id":1729,"date":"2018-09-12T15:05:40","date_gmt":"2018-09-12T13:05:40","guid":{"rendered":"http:\/\/democraciaactiva.eu\/?p=1729"},"modified":"2018-09-12T15:05:40","modified_gmt":"2018-09-12T13:05:40","slug":"las-prorrogas-de-la-ley-39-2015-prohiben-el-uso-de-medios-electronicos-segun-el-sas","status":"publish","type":"post","link":"https:\/\/democraciaactiva.eu\/?p=1729","title":{"rendered":"Las pr\u00f3rrogas de la Ley 39\/2015 proh\u00edben el uso de medios electr\u00f3nicos, seg\u00fan el SAS"},"content":{"rendered":"<p style=\"text-align: justify;\">Las administraciones p\u00fablicas nos sorprenden de vez en cuando con interpretaciones para enmarcar, como la que hace en este caso <strong>el Servicio Andaluz de Salud (SAS) de la Ley 39\/2015<\/strong> cuando un paciente solicita que se le remita su historia cl\u00ednica por medios electr\u00f3nicos.<\/p>\n<p style=\"text-align: justify;\">Como el SAS es una de tantas administraciones que no ha hecho los deberes en la \u00faltima d\u00e9cada, y <strong>no cuenta con medios telem\u00e1ticos que permitan a los ciudadanos ejercer sus derechos<\/strong> por estas v\u00edas, le resulta m\u00e1s f\u00e1cil negar la mayor y agarrarse a su peculiar interpretaci\u00f3n del significado de las pr\u00f3rrogas de la Ley 39\/2015.<\/p>\n<p style=\"text-align: justify;\">Tras exponer su versi\u00f3n el SAS afirma que, para garantizar los derechos de los ciudadanos nada menos, <strong>la administraci\u00f3n est\u00e1 obligada a utilizar los mismos medios de siempre hasta la entrada en vigor definitiva de la citada Ley (versi\u00f3n muy particular del SAS)<\/strong>. Y claro, como siempre se ha utilizado el correo postal, pues ah\u00ed que van ellos y, \u00abpara mayor garant\u00eda y seguridad del ciudadano\u00bb, le niegan recibir por medios electr\u00f3nicos su informaci\u00f3n personal.<a href=\"https:\/\/democraciaactiva.eu\/wp-content\/uploads\/2018\/09\/SAS-papel.jpg\"><img decoding=\"async\" loading=\"lazy\" class=\"aligncenter size-medium wp-image-1730\" src=\"https:\/\/democraciaactiva.eu\/wp-content\/uploads\/2018\/09\/SAS-papel-201x300.jpg\" alt=\"\" width=\"201\" height=\"300\" \/><\/a><\/p>\n<p style=\"text-align: justify;\">Como era previsible, el solicitante no estaba en el domicilio cuando llegaron los importantes datos personales, y como en <strong>el sobre no se indica restricci\u00f3n alguna<\/strong> ni que contenga datos personales de especial protecci\u00f3n, el cartero haciendo uso del reglamento de <strong>Correos lo entrega a cualquier persona que se encuentre en el domicilio. <\/strong>\u00bfEs esa la mayor seguridad y protecci\u00f3n de datos que esperaban?<\/p>\n<p style=\"text-align: justify;\">Si se hubiera remitido por v\u00eda telem\u00e1tica se garantizar\u00eda que s\u00f3lo el certificado personal del interesado permitiera el acceso, pero <strong>\u00ablamentablemente la Ley 39\/2015 lo proh\u00edbe\u00bb, al menos al SAS<\/strong>.<\/p>\n<p style=\"text-align: justify;\">En el polo opuesto se han localizado casos de pacientes a los que el mismo SAS y mismo Hospital les remite la <strong>historia m\u00e9dica por correo electr\u00f3nico sin ning\u00fan tipo de seguridad, ni siquiera la encriptaci\u00f3n de los adjuntos<\/strong>. Pero para saber qu\u00e9 norma les ha obligado a eso habr\u00e1 que esperar otro cap\u00edtulo.<\/p>\n","protected":false},"excerpt":{"rendered":"<div class=\"mh-excerpt\"><p>Las administraciones p\u00fablicas nos sorprenden de vez en cuando con interpretaciones para enmarcar, como la que hace en este caso el Servicio Andaluz de Salud <a class=\"mh-excerpt-more\" href=\"https:\/\/democraciaactiva.eu\/?p=1729\" title=\"Las pr\u00f3rrogas de la Ley 39\/2015 proh\u00edben el uso de medios electr\u00f3nicos, seg\u00fan el SAS\">[&#8230;]<\/a><\/p>\n<\/div>","protected":false},"author":1,"featured_media":1730,"comment_status":"closed","ping_status":"open","sticky":false,"template":"","format":"standard","meta":[],"categories":[4,18],"tags":[],"_links":{"self":[{"href":"https:\/\/democraciaactiva.eu\/index.php?rest_route=\/wp\/v2\/posts\/1729"}],"collection":[{"href":"https:\/\/democraciaactiva.eu\/index.php?rest_route=\/wp\/v2\/posts"}],"about":[{"href":"https:\/\/democraciaactiva.eu\/index.php?rest_route=\/wp\/v2\/types\/post"}],"author":[{"embeddable":true,"href":"https:\/\/democraciaactiva.eu\/index.php?rest_route=\/wp\/v2\/users\/1"}],"replies":[{"embeddable":true,"href":"https:\/\/democraciaactiva.eu\/index.php?rest_route=%2Fwp%2Fv2%2Fcomments&post=1729"}],"version-history":[{"count":0,"href":"https:\/\/democraciaactiva.eu\/index.php?rest_route=\/wp\/v2\/posts\/1729\/revisions"}],"wp:featuredmedia":[{"embeddable":true,"href":"https:\/\/democraciaactiva.eu\/index.php?rest_route=\/"}],"wp:attachment":[{"href":"https:\/\/democraciaactiva.eu\/index.php?rest_route=%2Fwp%2Fv2%2Fmedia&parent=1729"}],"wp:term":[{"taxonomy":"category","embeddable":true,"href":"https:\/\/democraciaactiva.eu\/index.php?rest_route=%2Fwp%2Fv2%2Fcategories&post=1729"},{"taxonomy":"post_tag","embeddable":true,"href":"https:\/\/democraciaactiva.eu\/index.php?rest_route=%2Fwp%2Fv2%2Ftags&post=1729"}],"curies":[{"name":"wp","href":"https:\/\/api.w.org\/{rel}","templated":true}]}}