{"id":171,"date":"2014-04-08T23:05:11","date_gmt":"2014-04-08T22:05:11","guid":{"rendered":"http:\/\/democraciaactiva.eu\/?p=171"},"modified":"2014-04-08T23:05:11","modified_gmt":"2014-04-08T22:05:11","slug":"el-ayuntamiento-de-san-roque-rechaza-todas-las-solicitudes-de-defensa-ciudadana-activa","status":"publish","type":"post","link":"https:\/\/democraciaactiva.eu\/?p=171","title":{"rendered":"El Ayuntamiento de San Roque rechaza todas las solicitudes de Defensa Ciudadana Activa"},"content":{"rendered":"<p>El Ayuntamiento de San Roque ha remitido a la asociaci\u00f3n Defensa Ciudadana Activa esta semana pasada los decretos de Alcald\u00eda por los que rechaza los escritos pendientes consider\u00e1ndolos\u00a0como \u201cno presentados\u201d.<\/p>\n<p>El motivo del rechazo es, seg\u00fan un informe de la Secretaria General del Ayuntamiento, <strong>\u201cno queda acreditado que el Presidente represente a la Asociaci\u00f3n\u201d<\/strong>.<\/p>\n<p>Esta decisi\u00f3n se fundamenta en que <strong>la Secretaria General, Doctora en Derecho, estima que se debe presentar un acuerdo expreso de la Asamblea General y otro de la Junta Directiva antes de poder admitir peticiones de esta Asociaci\u00f3n.<\/strong><\/p>\n<p><strong><a href=\"https:\/\/democraciaactiva.eu\/wp-content\/uploads\/2014\/04\/E14111_P\u00e1gina_1.jpg\"><img decoding=\"async\" loading=\"lazy\" class=\"aligncenter size-medium wp-image-172\" alt=\"E14111_P\u00e1gina_1\" src=\"https:\/\/democraciaactiva.eu\/wp-content\/uploads\/2014\/04\/E14111_P\u00e1gina_1-300x49.jpg\" width=\"300\" height=\"49\" \/><\/a><a href=\"https:\/\/democraciaactiva.eu\/wp-content\/uploads\/2014\/04\/E14111_P\u00e1gina_2.jpg\"><img decoding=\"async\" loading=\"lazy\" class=\"aligncenter size-medium wp-image-173\" alt=\"E14111_P\u00e1gina_2\" src=\"https:\/\/democraciaactiva.eu\/wp-content\/uploads\/2014\/04\/E14111_P\u00e1gina_2-300x237.jpg\" width=\"300\" height=\"237\" \/><\/a><\/strong><\/p>\n<p>En una primera estimaci\u00f3n por parte de la Junta Directiva se ha considerado \u201cabsurdo que hayan podido llegar hasta ese extremo en un absurdo intento m\u00e1s por acallar nuestra voz\u201d, seg\u00fan denunciaron.<\/p>\n<p>Pese a haber remitido al Ayuntamiento en el d\u00eda de ayer un certificado sobre los acuerdos solicitados, \u201cahora debemos esperar a que nos devuelvan el original para poder presentarlo otra vez, ya que <strong>sus registros tienen orden de no cotejar documentaci\u00f3n impidiendo la presentaci\u00f3n de copias compulsadas, lo cual nos retrasar\u00e1 m\u00e1s en la presentaci\u00f3n de los once que al parecer son necesarios<\/strong>.\u201d, criticaron.<\/p>\n<p>No obstante, la Asociaci\u00f3n manifest\u00f3 que \u201c<strong>excusas como \u00e9sta s\u00f3lo nos retrasan unos d\u00edas<\/strong>, y\u00a0nos dan una clara\u00a0idea de\u00a0la forma de actuar de quienes en teor\u00eda representan a todos los ciudadanos. Ya hemos contactado con los \u00f3rganos Constitucionales competentes para estudiar esta actitud en una administraci\u00f3n p\u00fablica y esperamos remitirles un informe completo en breve.\u201d<\/p>\n<p>DCA record\u00f3 que hasta la fecha ha presentado numerosas peticiones, accedido a expedientes de licitaci\u00f3n, e incluso presentado recurso a los Presupuestos Generales del Ayuntamiento, adem\u00e1s de que la administraci\u00f3n lleg\u00f3 a enviar sus respuestas al domicilio particular del presidente demostrando su total conocimiento y aceptaci\u00f3n como representante.\u00a0\u00a0Por ello, DCA lamenta que, <strong>\u201cal parecer si molestamos demasiado necesitaremos acreditarnos en cada ocasi\u00f3n de forma distinta o preguntar el criterio que se siga cada d\u00eda.\u201d<\/strong>, ironizaron.<\/p>\n<p>En su informe sobre la situaci\u00f3n DCA apuntar\u00e1, como ha informado anteriormente al propio Ayuntamiento, del incumplimiento del art. 3 de la Ley 30\/92, que dispone que las Administraciones P\u00fablicas <strong>\u201ddeber\u00e1n respetar en su actuaci\u00f3n los principios de buena fe y de confianza leg\u00edtima\u201d creando una alarmante inseguridad jur\u00eddica al ciudadano que cada d\u00eda\u00a0puede\u00a0encontrarse con una forma de actuar distinta de la administraci\u00f3n.<\/strong><\/p>\n<p>Por ultimo desde la Asociaci\u00f3n indicaron que\u00a0no descartan iniciar acciones judiciales contra los responsables\u00a0en caso de que este Ayuntamiento siga insistiendo en poner trabas a su actividad. <\/p>\n","protected":false},"excerpt":{"rendered":"<div class=\"mh-excerpt\"><p>El Ayuntamiento de San Roque ha remitido a la asociaci\u00f3n Defensa Ciudadana Activa esta semana pasada los decretos de Alcald\u00eda por los que rechaza los <a class=\"mh-excerpt-more\" href=\"https:\/\/democraciaactiva.eu\/?p=171\" title=\"El Ayuntamiento de San Roque rechaza todas las solicitudes de Defensa Ciudadana Activa\">[&#8230;]<\/a><\/p>\n<\/div>","protected":false},"author":1,"featured_media":0,"comment_status":"open","ping_status":"open","sticky":false,"template":"","format":"standard","meta":[],"categories":[12],"tags":[],"_links":{"self":[{"href":"https:\/\/democraciaactiva.eu\/index.php?rest_route=\/wp\/v2\/posts\/171"}],"collection":[{"href":"https:\/\/democraciaactiva.eu\/index.php?rest_route=\/wp\/v2\/posts"}],"about":[{"href":"https:\/\/democraciaactiva.eu\/index.php?rest_route=\/wp\/v2\/types\/post"}],"author":[{"embeddable":true,"href":"https:\/\/democraciaactiva.eu\/index.php?rest_route=\/wp\/v2\/users\/1"}],"replies":[{"embeddable":true,"href":"https:\/\/democraciaactiva.eu\/index.php?rest_route=%2Fwp%2Fv2%2Fcomments&post=171"}],"version-history":[{"count":0,"href":"https:\/\/democraciaactiva.eu\/index.php?rest_route=\/wp\/v2\/posts\/171\/revisions"}],"wp:attachment":[{"href":"https:\/\/democraciaactiva.eu\/index.php?rest_route=%2Fwp%2Fv2%2Fmedia&parent=171"}],"wp:term":[{"taxonomy":"category","embeddable":true,"href":"https:\/\/democraciaactiva.eu\/index.php?rest_route=%2Fwp%2Fv2%2Fcategories&post=171"},{"taxonomy":"post_tag","embeddable":true,"href":"https:\/\/democraciaactiva.eu\/index.php?rest_route=%2Fwp%2Fv2%2Ftags&post=171"}],"curies":[{"name":"wp","href":"https:\/\/api.w.org\/{rel}","templated":true}]}}