{"id":1705,"date":"2018-09-04T16:16:10","date_gmt":"2018-09-04T14:16:10","guid":{"rendered":"http:\/\/democraciaactiva.eu\/?p=1705"},"modified":"2018-09-04T16:16:10","modified_gmt":"2018-09-04T14:16:10","slug":"la-tramparencia-en-la-junta-de-andalucia","status":"publish","type":"post","link":"https:\/\/democraciaactiva.eu\/?p=1705","title":{"rendered":"La \u00abtramparencia\u00bb en la Junta de Andaluc\u00eda"},"content":{"rendered":"<p style=\"text-align: justify;\">A final de junio solicitamos documentaci\u00f3n a la Consejer\u00eda de Fomento de la Junta de Andaluc\u00eda, y al ser sobre una zona lim\u00edtrofe entre dos provincias se remiti\u00f3 parte a la Delegaci\u00f3n Territorial de M\u00e1laga y parte a la de C\u00e1diz. Es el efecto de la \u00abdiversidad administrativa\u00bb que debemos asumir como ciudadanos.<\/p>\n<p style=\"text-align: justify;\">Aunque lo propio hubiera sido remitirlo a trav\u00e9s de la aplicaci\u00f3n Pid@ de la administraci\u00f3n auton\u00f3mica, \u00e9sta no permite la inclusi\u00f3n de adjuntos, por lo que era m\u00e1s sencillo remitirla, telem\u00e1ticamente como no puede ser de otra forma, v\u00eda sede telem\u00e1tica de atenci\u00f3n a la ciudadan\u00eda.<\/p>\n<p style=\"text-align: justify;\">No obstante, como sabemos lo bien organizada que est\u00e1 la administraci\u00f3n, remitimos v\u00eda Pid@ solicitud a la Junta de Andaluc\u00eda <strong>dando como referencia el n\u00famero de su propio registro electr\u00f3nico<\/strong> de cada documento. Con ello entend\u00edamos evitabamos la duplicidad de expedientes al forzar que revisen el que ya tienen.<\/p>\n<p style=\"text-align: justify;\">Posteriormente, dado que la Junta de Andaluc\u00eda como la mayor\u00eda de administraciones<strong> no tiene la costumbre de cumplir con el art. 21.4 de la Ley 39\/2015<\/strong> de Procedimiento Administrativo Com\u00fan, les recordamos que no recibimos la comunicaci\u00f3n sobre plazos y efectos del silencio administrativo.<\/p>\n<p style=\"text-align: justify;\">Un mes despu\u00e9s de la petici\u00f3n inicial la administraci\u00f3n auton\u00f3mica nos env\u00eda un atento correo electr\u00f3nico con el asunto: \u00ab<strong>Comunicaci\u00f3n requerimiento de subsanaci\u00f3n<\/strong>\u00ab, que ya suena a \u00abnos retrasamos pero porque no has hecho las cosas bien\u00bb, indicando que no ha sido posible localizar las solicitudes de informaci\u00f3n p\u00fablica indicadas&#8230;. <strong>\u00bfno pueden localizar los documentos con sus propios n\u00fameros de registro?, \u00bfsaben a qu\u00e9 suena eso?<\/strong><\/p>\n<p><a href=\"https:\/\/democraciaactiva.eu\/wp-content\/uploads\/2018\/09\/burocracia-cubana.jpg\"><img decoding=\"async\" loading=\"lazy\" class=\"aligncenter size-full wp-image-1706\" src=\"https:\/\/democraciaactiva.eu\/wp-content\/uploads\/2018\/09\/burocracia-cubana.jpg\" alt=\"\" width=\"210\" height=\"168\" \/><\/a><\/p>\n<p style=\"text-align: justify;\">Adem\u00e1s el correo electr\u00f3nico es an\u00f3nimo, no lo firma nadie, suponemos que para apuntalar la conocida inmunidad administrativa y que no haya responsables en el procedimiento.<a href=\"https:\/\/democraciaactiva.eu\/wp-content\/uploads\/2018\/09\/Correo.jpg\"><img decoding=\"async\" loading=\"lazy\" class=\"aligncenter size-medium wp-image-1707\" src=\"https:\/\/democraciaactiva.eu\/wp-content\/uploads\/2018\/09\/Correo-300x216.jpg\" alt=\"\" width=\"300\" height=\"216\" \/><\/a><\/p>\n<p style=\"text-align: justify;\">Por ello, siguiendo nuestro protocolo m\u00e1s firme si cabe tras la reciente pr\u00f3rroga de la Ley 39\/2015, hemos comunicado a la administraci\u00f3n auton\u00f3mica lo siguiente:<\/p>\n<p style=\"text-align: justify;\">1.- Al ser un correo an\u00f3nimo, sin registro de salida ni identificaci\u00f3n del funcionario que lo remite, incumple la Resoluci\u00f3n de 7 de junio de 1993 de la Junta de Andaluc\u00eda, as\u00ed como la Orden de 17 de febrero de 1984, que definen el sistema de identificaci\u00f3n com\u00fan del personal al servicio de la Junta de Andaluc\u00eda. <strong>Motivo por el cual su contenido no ser\u00e1 tenido en cuenta por nuestra Asociaci\u00f3n.<\/strong><\/p>\n<p>2.- A\u00fan as\u00ed, no podemos facilitarles m\u00e1s datos sobre sus registros al incumplir la Junta de Andaluc\u00eda, reiterada y sistem\u00e1ticamente, el contenido del<strong> art. 21.4 de la Ley 39\/2015<\/strong>, disponiendo \u00fanicamente del n\u00famero de registro electr\u00f3nico ya facilitado.<\/p>\n<p style=\"text-align: justify;\">3.- Enviar nuevamente copias de las solicitudes, adem\u00e1s de dar a entender que no hemos seguido los tr\u00e1mites adecuados, supondr\u00eda renunciar al derecho recogido por el <strong>art. 53.d de la citada Ley 39\/2015<\/strong>, y dado nuestra Junta Directiva ha decidido exigir \u00edntegramente el cumplimiento de nuestros derechos no vamos a facilitar copia de ning\u00fan documento que ya se encuentre en su administraci\u00f3n. Esperamos entiendan que <strong>si no lo encuentran, el problema no es nuestro protocolo, si no la ca\u00f3tica situaci\u00f3n de su administraci\u00f3n <\/strong>con claro perjuicio para la ciudadan\u00eda.<\/p>\n<p style=\"text-align: justify;\">4.- En cualquier caso debemos comunicarles que, habiendo excedido con creces su plazo para resolver nuestra petici\u00f3n, conforme al<strong> art. 20 de la Ley 19\/2013 de Transparencia, acceso a la informaci\u00f3n p\u00fablica y buen gobierno<\/strong>, el pasado 29 de agosto se remiti\u00f3 reclamaci\u00f3n por silencio administrativo ante el Consejo de Transparencia de Andaluc\u00eda.<a href=\"https:\/\/democraciaactiva.eu\/wp-content\/uploads\/2018\/09\/4a15b197456eb9498bb3ca5ee08d2f20.jpg\"><img decoding=\"async\" loading=\"lazy\" class=\"aligncenter size-medium wp-image-1708\" src=\"https:\/\/democraciaactiva.eu\/wp-content\/uploads\/2018\/09\/4a15b197456eb9498bb3ca5ee08d2f20-300x210.jpg\" alt=\"\" width=\"300\" height=\"210\" \/><\/a><\/p>\n<p style=\"text-align: justify;\">5.- Por \u00faltimo les informamos que <strong>en caso que persista el silencio administrativo nuestro protocolo incluye, entre otros<\/strong>, la solicitud posterior de la documentaci\u00f3n administrativa que identifique a los responsables del procedimiento (y posterior reclamaci\u00f3n al Consejo de Transparencia, en su caso), queja al Defensor del Pueblo por la falta de cumplimiento de plazos de resoluci\u00f3n y respuesta, petici\u00f3n de inicio de expediente de responsabilidad patrimonial en caso de que su anormal funcionamiento nos cause alg\u00fan da\u00f1o cuantificable, as\u00ed como la petici\u00f3n de apertura de expediente de responsabilidad conforme al Estatuto B\u00e1sico del Empleado P\u00fablico contra quienes tramitan, o m\u00e1s bien dejan de tramitar, estos expedientes. Todo ello \u00fanicamente con el objeto de defender el cumplimiento de los fines de nuestra Asociaci\u00f3n: <strong>el silencio no es una opci\u00f3n.<\/strong><\/p>\n","protected":false},"excerpt":{"rendered":"<div class=\"mh-excerpt\"><p>A final de junio solicitamos documentaci\u00f3n a la Consejer\u00eda de Fomento de la Junta de Andaluc\u00eda, y al ser sobre una zona lim\u00edtrofe entre dos <a class=\"mh-excerpt-more\" href=\"https:\/\/democraciaactiva.eu\/?p=1705\" title=\"La \u00abtramparencia\u00bb en la Junta de Andaluc\u00eda\">[&#8230;]<\/a><\/p>\n<\/div>","protected":false},"author":1,"featured_media":1706,"comment_status":"closed","ping_status":"open","sticky":false,"template":"","format":"standard","meta":[],"categories":[5,7,8],"tags":[],"_links":{"self":[{"href":"https:\/\/democraciaactiva.eu\/index.php?rest_route=\/wp\/v2\/posts\/1705"}],"collection":[{"href":"https:\/\/democraciaactiva.eu\/index.php?rest_route=\/wp\/v2\/posts"}],"about":[{"href":"https:\/\/democraciaactiva.eu\/index.php?rest_route=\/wp\/v2\/types\/post"}],"author":[{"embeddable":true,"href":"https:\/\/democraciaactiva.eu\/index.php?rest_route=\/wp\/v2\/users\/1"}],"replies":[{"embeddable":true,"href":"https:\/\/democraciaactiva.eu\/index.php?rest_route=%2Fwp%2Fv2%2Fcomments&post=1705"}],"version-history":[{"count":0,"href":"https:\/\/democraciaactiva.eu\/index.php?rest_route=\/wp\/v2\/posts\/1705\/revisions"}],"wp:featuredmedia":[{"embeddable":true,"href":"https:\/\/democraciaactiva.eu\/index.php?rest_route=\/"}],"wp:attachment":[{"href":"https:\/\/democraciaactiva.eu\/index.php?rest_route=%2Fwp%2Fv2%2Fmedia&parent=1705"}],"wp:term":[{"taxonomy":"category","embeddable":true,"href":"https:\/\/democraciaactiva.eu\/index.php?rest_route=%2Fwp%2Fv2%2Fcategories&post=1705"},{"taxonomy":"post_tag","embeddable":true,"href":"https:\/\/democraciaactiva.eu\/index.php?rest_route=%2Fwp%2Fv2%2Ftags&post=1705"}],"curies":[{"name":"wp","href":"https:\/\/api.w.org\/{rel}","templated":true}]}}