{"id":1700,"date":"2018-09-04T13:30:55","date_gmt":"2018-09-04T11:30:55","guid":{"rendered":"http:\/\/democraciaactiva.eu\/?p=1700"},"modified":"2018-09-04T13:30:55","modified_gmt":"2018-09-04T11:30:55","slug":"aviso-a-navegantes","status":"publish","type":"post","link":"https:\/\/democraciaactiva.eu\/?p=1700","title":{"rendered":"Aviso a navegantes"},"content":{"rendered":"<p style=\"text-align: justify;\">Los cambios legislativos para la pr\u00f3rroga 2 a\u00f1os m\u00e1s de la plena entrada en vigor de la administraci\u00f3n electr\u00f3nica no hacen m\u00e1s que reafirmar<strong> la pasividad de una inmensa mayor\u00eda de administraciones, de funcionarios responsables de \u00e1rea, adem\u00e1s la inestimable colaboraci\u00f3n de los pol\u00edticos.<\/strong><\/p>\n<p><img decoding=\"async\" class=\"spotlight aligncenter\" src=\"https:\/\/scontent-mad1-1.xx.fbcdn.net\/v\/t1.0-9\/40995578_1687288818064330_8696805137944936448_n.png?_nc_cat=0&amp;oh=5f59baf0656fc45dd3b87d49e72c4b0a&amp;oe=5C2B27AB\" alt=\"No hay texto alternativo autom\u00e1tico disponible.\" aria-busy=\"true\" \/><\/p>\n<p style=\"text-align: justify;\">Casualmente, suelen ser los mismos responsables de las mismas administraciones que incumplen todas las previsiones sobre administraci\u00f3n electr\u00f3nica quienes m\u00e1s exigen al <span class=\"text_exposed_show\">ciudadano el cumplimiento de las cuatro normas que ocasionalmente recuerdan.<\/span><\/p>\n<div class=\"text_exposed_show\">\n<p style=\"text-align: justify;\">En vista de ello, y atendiendo a los fines de esta Asociaci\u00f3n, <strong>les recordamos que nuestra creaci\u00f3n fue motivada por la necesidad de leg\u00edtima defensa del ciudadano ante las AAPP que incumplen reiterada y sistem\u00e1ticamente sus propias normas<\/strong>.<\/p>\n<p style=\"text-align: justify;\">Por ello advertimos que <strong>reforzaremos nuestros protocolos para exigir el 100% de cumplimiento legal en nuestras relaciones con las AAPP<\/strong> solicitando, en su caso, de forma sistem\u00e1tica expediente de responsabilidad por vulneraci\u00f3n de la legalidad conforme al EBEP si es necesario.<\/p>\n<p style=\"text-align: justify;\"><strong>El silencio no es una opci\u00f3n.<\/strong><\/p>\n<\/div>\n","protected":false},"excerpt":{"rendered":"<div class=\"mh-excerpt\"><p>Los cambios legislativos para la pr\u00f3rroga 2 a\u00f1os m\u00e1s de la plena entrada en vigor de la administraci\u00f3n electr\u00f3nica no hacen m\u00e1s que reafirmar la <a class=\"mh-excerpt-more\" href=\"https:\/\/democraciaactiva.eu\/?p=1700\" title=\"Aviso a navegantes\">[&#8230;]<\/a><\/p>\n<\/div>","protected":false},"author":1,"featured_media":1701,"comment_status":"closed","ping_status":"open","sticky":false,"template":"","format":"standard","meta":[],"categories":[4,8],"tags":[],"_links":{"self":[{"href":"https:\/\/democraciaactiva.eu\/index.php?rest_route=\/wp\/v2\/posts\/1700"}],"collection":[{"href":"https:\/\/democraciaactiva.eu\/index.php?rest_route=\/wp\/v2\/posts"}],"about":[{"href":"https:\/\/democraciaactiva.eu\/index.php?rest_route=\/wp\/v2\/types\/post"}],"author":[{"embeddable":true,"href":"https:\/\/democraciaactiva.eu\/index.php?rest_route=\/wp\/v2\/users\/1"}],"replies":[{"embeddable":true,"href":"https:\/\/democraciaactiva.eu\/index.php?rest_route=%2Fwp%2Fv2%2Fcomments&post=1700"}],"version-history":[{"count":0,"href":"https:\/\/democraciaactiva.eu\/index.php?rest_route=\/wp\/v2\/posts\/1700\/revisions"}],"wp:featuredmedia":[{"embeddable":true,"href":"https:\/\/democraciaactiva.eu\/index.php?rest_route=\/"}],"wp:attachment":[{"href":"https:\/\/democraciaactiva.eu\/index.php?rest_route=%2Fwp%2Fv2%2Fmedia&parent=1700"}],"wp:term":[{"taxonomy":"category","embeddable":true,"href":"https:\/\/democraciaactiva.eu\/index.php?rest_route=%2Fwp%2Fv2%2Fcategories&post=1700"},{"taxonomy":"post_tag","embeddable":true,"href":"https:\/\/democraciaactiva.eu\/index.php?rest_route=%2Fwp%2Fv2%2Ftags&post=1700"}],"curies":[{"name":"wp","href":"https:\/\/api.w.org\/{rel}","templated":true}]}}