{"id":1675,"date":"2018-08-06T13:07:08","date_gmt":"2018-08-06T11:07:08","guid":{"rendered":"http:\/\/democraciaactiva.eu\/?p=1675"},"modified":"2018-08-06T13:07:08","modified_gmt":"2018-08-06T11:07:08","slug":"diputacion-formaliza-su-revolucion-analogica-declarandose-irresponsable","status":"publish","type":"post","link":"https:\/\/democraciaactiva.eu\/?p=1675","title":{"rendered":"Diputaci\u00f3n formaliza su \u00abrevoluci\u00f3n anal\u00f3gica\u00bb declar\u00e1ndose irresponsable."},"content":{"rendered":"<p style=\"text-align: justify;\">Recibimos esta ma\u00f1ana un extra\u00f1o correo de la Diputaci\u00f3n Provincial de C\u00e1diz relativo a su funci\u00f3n como <strong>ventanilla \u00fanica<\/strong>. Algo que ya reconoc\u00eda la derogada Ley 30\/92 y contin\u00faa con la actual Ley 39\/2015 de Procedimiento Administrativo Com\u00fan.<a href=\"https:\/\/democraciaactiva.eu\/wp-content\/uploads\/2018\/08\/391d13d033c33289ff1a2c88a53e210f.jpg\"><img decoding=\"async\" loading=\"lazy\" class=\"aligncenter size-medium wp-image-1682\" src=\"https:\/\/democraciaactiva.eu\/wp-content\/uploads\/2018\/08\/391d13d033c33289ff1a2c88a53e210f-300x191.jpg\" alt=\"\" width=\"300\" height=\"191\" \/><\/a><\/p>\n<p style=\"text-align: justify;\">Desde el a\u00f1o 2.007, con la Ley 11\/2007, de 22 de junio, de acceso electr\u00f3nico de los ciudadanos a los Servicios P\u00fablicos, las administraciones p\u00fablicas tienen la obligaci\u00f3n, no la opci\u00f3n, de disponer los medios electr\u00f3nicos necesarios para garantizar los derechos ciudadanos, que e<strong>n el caso de personas jur\u00eddicas como esta Asociaci\u00f3n es una obligaci\u00f3n,<\/strong> de comunicarse telem\u00e1ticamente con las AAPP.<\/p>\n<p style=\"text-align: justify;\">\u00bfQu\u00e9 ha ocurrido desde entonces? Pues que <strong>pr\u00e1cticamente ninguna ha hecho los deberes. Han gastado sus fondos en actuaciones que daban m\u00e1s visibilidad<\/strong>, que serv\u00edan mejor a los pol\u00edticos de turno para salir en la foto, como construir pistas de p\u00e1del, pavimentar una y otra vez las calles, alg\u00fan parque infantil que otro, dar subvenciones a asociaciones afines, pagar cargos de confianza y subir el salario de los Diputados (<strong>el vicepresidente de esta Diputaci\u00f3n ya tiene un salario m\u00e1s alto que la propia presidenta de la Junta de Andaluc\u00eda, por ejemplo<\/strong>), gastos de protocolo, coches oficiales, y un largo etc\u00e9tera que para nuestros gobernantes era prioritario.<\/p>\n<p style=\"text-align: justify;\">De este modo llegamos una d\u00e9cada despu\u00e9s a la entrada en vigor de los \u00faltimos coletazos de la Ley 39\/2015, tres a\u00f1os despu\u00e9s de su publicaci\u00f3n, y seguimos como al principio. <strong>Nadie ha movido ficha, ni se han preocupado de ello, cargando ahora la responsabilidad en los ciudadanos<\/strong>. \u00bfCu\u00e1l ser\u00e1 la excusa ahora? Podemos elegir del largo listado de preseleccionadas como \u00abno hemos tenido tiempo\u00bb, \u00abno hay presupuesto\u00bb, \u00abno depende de nosotros\u00bb, \u00abhemos tenido que atender otras prioridades\u00bb, etc, etc, etc.<\/p>\n<p style=\"text-align: justify;\"><strong>La Diputaci\u00f3n Provincial de C\u00e1diz no s\u00f3lo no cumple sus obligaciones si no que adem\u00e1s se declara irresponsable porque ni siquiera utilizan el correo certificado<\/strong>, como mucho correo postal ordinario&#8230; \u00bfc\u00f3mo puede asegurarse entonces la fecha de entrada en la administraci\u00f3n final?, \u00bfc\u00f3mo puede una administraci\u00f3n p\u00fablica recibir un documento, consciente de su obligaci\u00f3n de tramitarlo, y luego desentenderse de \u00e9l hasta el punto de declararse sin responsabilidad si no llega a su destino?<\/p>\n<p style=\"text-align: justify;\">\u00c9stas y otras dudas deber\u00e1n ser objeto de estudio en este nuevo sorprendente caso sobre las relaciones de los ciudadanos con las administraciones te\u00f3ricamente p\u00fablicas.<\/p>\n","protected":false},"excerpt":{"rendered":"<div class=\"mh-excerpt\"><p>Recibimos esta ma\u00f1ana un extra\u00f1o correo de la Diputaci\u00f3n Provincial de C\u00e1diz relativo a su funci\u00f3n como ventanilla \u00fanica. Algo que ya reconoc\u00eda la derogada <a class=\"mh-excerpt-more\" href=\"https:\/\/democraciaactiva.eu\/?p=1675\" title=\"Diputaci\u00f3n formaliza su \u00abrevoluci\u00f3n anal\u00f3gica\u00bb declar\u00e1ndose irresponsable.\">[&#8230;]<\/a><\/p>\n<\/div>","protected":false},"author":1,"featured_media":1682,"comment_status":"closed","ping_status":"open","sticky":false,"template":"","format":"standard","meta":[],"categories":[4,5,6,8],"tags":[],"_links":{"self":[{"href":"https:\/\/democraciaactiva.eu\/index.php?rest_route=\/wp\/v2\/posts\/1675"}],"collection":[{"href":"https:\/\/democraciaactiva.eu\/index.php?rest_route=\/wp\/v2\/posts"}],"about":[{"href":"https:\/\/democraciaactiva.eu\/index.php?rest_route=\/wp\/v2\/types\/post"}],"author":[{"embeddable":true,"href":"https:\/\/democraciaactiva.eu\/index.php?rest_route=\/wp\/v2\/users\/1"}],"replies":[{"embeddable":true,"href":"https:\/\/democraciaactiva.eu\/index.php?rest_route=%2Fwp%2Fv2%2Fcomments&post=1675"}],"version-history":[{"count":0,"href":"https:\/\/democraciaactiva.eu\/index.php?rest_route=\/wp\/v2\/posts\/1675\/revisions"}],"wp:featuredmedia":[{"embeddable":true,"href":"https:\/\/democraciaactiva.eu\/index.php?rest_route=\/"}],"wp:attachment":[{"href":"https:\/\/democraciaactiva.eu\/index.php?rest_route=%2Fwp%2Fv2%2Fmedia&parent=1675"}],"wp:term":[{"taxonomy":"category","embeddable":true,"href":"https:\/\/democraciaactiva.eu\/index.php?rest_route=%2Fwp%2Fv2%2Fcategories&post=1675"},{"taxonomy":"post_tag","embeddable":true,"href":"https:\/\/democraciaactiva.eu\/index.php?rest_route=%2Fwp%2Fv2%2Ftags&post=1675"}],"curies":[{"name":"wp","href":"https:\/\/api.w.org\/{rel}","templated":true}]}}