{"id":166,"date":"2014-04-08T06:52:59","date_gmt":"2014-04-08T05:52:59","guid":{"rendered":"http:\/\/democraciaactiva.eu\/?p=166"},"modified":"2014-04-08T06:52:59","modified_gmt":"2014-04-08T05:52:59","slug":"piden-a-la-direccion-general-de-la-guardia-civil-explicaciones-por-los-actos-de-cadiz-durante-el-luto-nacional","status":"publish","type":"post","link":"https:\/\/democraciaactiva.eu\/?p=166","title":{"rendered":"Piden a la Direcci\u00f3n General de la Guardia Civil explicaciones por los actos de C\u00e1diz durante el luto nacional."},"content":{"rendered":"<p>La Asociaci\u00f3n Defensa Ciudadana Activa ha solicitado a la Direcci\u00f3n General de la Guardia Civil informaci\u00f3n sobre los actos celebrados en la Comandancia de la Guardia Civil de C\u00e1diz el pasado 24 de marzo, durante el periodo de luto oficial.<\/p>\n<p>De este modo, la Asociaci\u00f3n se hace eco de las cr\u00edticas realizadas d\u00edas atr\u00e1s por la AUGC, que consider\u00f3 una \u201cfalta de respeto institucional\u201d <strong>la celebraci\u00f3n de actos en contra de la normativa vigente, y m\u00e1s concretamente vulnerando el art. 3 del Real Decreto 684\/2010 sobre Honores Militares.<\/strong><\/p>\n<p>Por ello DCA <strong>ha solicitado informaci\u00f3n al respecto a la DGGC esperando aclaren lo ocurrido<\/strong>. Igualmente ha remitido copia de esta petici\u00f3n a todos los grupos pol\u00edticos con representaci\u00f3n en el Congreso, as\u00ed como queja al Defensor del Pueblo entendiendo que <strong>podr\u00eda haberse vulnerado la normativa de aplicaci\u00f3n al no respetar el luto nacional decretado.<\/strong><\/p>\n<p>\u201cEntendemos que podr\u00eda haberse vulnerado la normativa en vigor suponiendo, como ha apuntado la AUGC, una falta de respeto institucional de especial relevancia teniendo en cuenta que desde la Guardia Civil se debe dar ejemplo y cumplir los decretos aprobados, m\u00e1xime en casos tan relevantes como el \u00faltimo luto nacional.\u201d, informaron.<\/p>\n<p>El colectivo ciudadano consider\u00f3 que, a\u00fan a la espera de explicaciones por parte de la DGGC, \u201cse deb\u00eda informar y pedir su intervenci\u00f3n a cuantas instituciones consideramos competentes, dada la relevancia de la situaci\u00f3n provocada.\u201d<\/p>\n<p>A los actos celebrados en la Comandancia de la Guardia Civil de C\u00e1diz asistieron diferentes autoridades y mandos militares de la provincia, incluyendo a la propia Alcaldesa de la ciudad.<br \/>\n<a href=\"https:\/\/democraciaactiva.eu\/wp-content\/uploads\/2014\/04\/S14184_P\u00e1gina_3.jpg\"><img decoding=\"async\" loading=\"lazy\" class=\"aligncenter size-medium wp-image-167\" alt=\"S14184_P\u00e1gina_3\" src=\"https:\/\/democraciaactiva.eu\/wp-content\/uploads\/2014\/04\/S14184_P\u00e1gina_3-210x300.jpg\" width=\"210\" height=\"300\" \/><\/a> <\/p>\n","protected":false},"excerpt":{"rendered":"<div class=\"mh-excerpt\"><p>La Asociaci\u00f3n Defensa Ciudadana Activa ha solicitado a la Direcci\u00f3n General de la Guardia Civil informaci\u00f3n sobre los actos celebrados en la Comandancia de la <a class=\"mh-excerpt-more\" href=\"https:\/\/democraciaactiva.eu\/?p=166\" title=\"Piden a la Direcci\u00f3n General de la Guardia Civil explicaciones por los actos de C\u00e1diz durante el luto nacional.\">[&#8230;]<\/a><\/p>\n<\/div>","protected":false},"author":1,"featured_media":0,"comment_status":"open","ping_status":"open","sticky":false,"template":"","format":"standard","meta":[],"categories":[12],"tags":[],"_links":{"self":[{"href":"https:\/\/democraciaactiva.eu\/index.php?rest_route=\/wp\/v2\/posts\/166"}],"collection":[{"href":"https:\/\/democraciaactiva.eu\/index.php?rest_route=\/wp\/v2\/posts"}],"about":[{"href":"https:\/\/democraciaactiva.eu\/index.php?rest_route=\/wp\/v2\/types\/post"}],"author":[{"embeddable":true,"href":"https:\/\/democraciaactiva.eu\/index.php?rest_route=\/wp\/v2\/users\/1"}],"replies":[{"embeddable":true,"href":"https:\/\/democraciaactiva.eu\/index.php?rest_route=%2Fwp%2Fv2%2Fcomments&post=166"}],"version-history":[{"count":0,"href":"https:\/\/democraciaactiva.eu\/index.php?rest_route=\/wp\/v2\/posts\/166\/revisions"}],"wp:attachment":[{"href":"https:\/\/democraciaactiva.eu\/index.php?rest_route=%2Fwp%2Fv2%2Fmedia&parent=166"}],"wp:term":[{"taxonomy":"category","embeddable":true,"href":"https:\/\/democraciaactiva.eu\/index.php?rest_route=%2Fwp%2Fv2%2Fcategories&post=166"},{"taxonomy":"post_tag","embeddable":true,"href":"https:\/\/democraciaactiva.eu\/index.php?rest_route=%2Fwp%2Fv2%2Ftags&post=166"}],"curies":[{"name":"wp","href":"https:\/\/api.w.org\/{rel}","templated":true}]}}