{"id":1646,"date":"2018-07-29T16:33:25","date_gmt":"2018-07-29T14:33:25","guid":{"rendered":"http:\/\/democraciaactiva.eu\/?p=1646"},"modified":"2018-07-29T16:33:25","modified_gmt":"2018-07-29T14:33:25","slug":"la-policia-local-de-mijas-malaga-denuncia-activistas-de-capacesde","status":"publish","type":"post","link":"https:\/\/democraciaactiva.eu\/?p=1646","title":{"rendered":"La Polic\u00eda Local de Mijas (M\u00e1laga) denuncia activistas de @capaces_de ."},"content":{"rendered":"<p style=\"text-align: justify;\">El pasado viernes agentes de la Polic\u00eda Local de Mijas (M\u00e1laga) impidi\u00f3 la salida del aparcamiento de la empresa Dunnes Stores de esta localidad a varios activistas para su identificaci\u00f3n. Seg\u00fan inform\u00f3 el agente que les requiri\u00f3 la documentaci\u00f3n hab\u00edan sido <strong>denunciados por falsificaci\u00f3n de boletines de denuncia as\u00ed como por estafa.<\/strong><a href=\"https:\/\/democraciaactiva.eu\/wp-content\/uploads\/2018\/07\/Jefatura-Mijas.jpg\"><img decoding=\"async\" loading=\"lazy\" class=\"aligncenter size-medium wp-image-1655\" src=\"https:\/\/democraciaactiva.eu\/wp-content\/uploads\/2018\/07\/Jefatura-Mijas-300x185.jpg\" alt=\"\" width=\"300\" height=\"185\" \/><\/a><\/p>\n<p style=\"text-align: justify;\">El agente les interrog\u00f3 incluso sobre si ten\u00edan alg\u00fan tipo de discapacidad, posiblemente porque considerara, como en su d\u00eda manifestaron agentes de la localidad de Estepona, que no deben realizar estas campa\u00f1as contra los abusos de plazas para personas con movilidad reducida (PMR) sin tener alguna discapacidad.<\/p>\n<p style=\"text-align: justify;\">\u00abNos sorprendi\u00f3 que los agentes llegaran tan r\u00e1pido porque a alguien le molest\u00f3 que dej\u00e1ramos los boletines, supuestamente \u00abfalsificados\u00bb, cuando en otras ocasiones se les ha requerido para denunciar veh\u00edculos en PMR y en 45 minutos no han aparecido, pese a que su Jefatura est\u00e1 a apenas 2 minutos de estas zonas comerciales, pero m\u00e1s nos sorprendi\u00f3 que <strong>con uno de los formatos de @capaces_de en la mano el agente insistiera en que eso era una falsificaci\u00f3n de un documento para una estafa<\/strong>\u00ab, indicaron los activistas.<a href=\"https:\/\/democraciaactiva.eu\/wp-content\/uploads\/2018\/07\/Multa-Nosotros-multamos-capacesde.jpg\"><img decoding=\"async\" loading=\"lazy\" class=\"aligncenter size-medium wp-image-1647\" src=\"https:\/\/democraciaactiva.eu\/wp-content\/uploads\/2018\/07\/Multa-Nosotros-multamos-capacesde-101x300.jpg\" alt=\"\" width=\"101\" height=\"300\" \/><\/a>La campa\u00f1a de denuncias simb\u00f3licas de la asociaci\u00f3n vallisoletana \u00abCapacesde\u00bb\u00a0<strong>fue reconocida p\u00fablicamente por algunos medios de informaci\u00f3n nacional<\/strong> a principios de este mes, como <a href=\"https:\/\/www.telecinco.es\/informativos\/sociedad\/multas-simbolicas-discapacitados-movilidad-aparcamiento-capacesde-valladolid-conductores_2_2590380136.html\">por ejemplo TeleCinco<\/a>, por lo que no es extra\u00f1o que otros colectivos utilicen sus formatos.<\/p>\n<p style=\"text-align: justify;\">Tras tomar todos los datos personales, de veh\u00edculos, etc., el agente le dej\u00f3 marchar <strong>neg\u00e1ndose a informar sobre qui\u00e9n present\u00f3 la denuncia (posiblemente el centro comercial Dunnes Stores) ni los cargos concretos de la misma<\/strong>. Por ello en breve se remitir\u00e1n las correspondientes peticiones al Ayuntamiento de Mijas para aclarar lo sucedido. \u00ab<strong>Es necesario aclarar si realmente los agentes cre\u00edan lo que dec\u00edan y tramitar\u00e1n la denuncia por supuesta falsificaci\u00f3n y estafa<\/strong>, en cuyo caso estaremos encantados de defendernos de las falsas acusaciones, <strong>o s\u00f3lo lo hicieron para intimidar, por orden del comercio propietario del aparcamiento, a activistas que llamaban la atenci\u00f3n sobre abusos en las PMR<\/strong>\u00ab, indicaron los afectados.<\/p>\n<p style=\"text-align: justify;\">Los activistas se quejaron igualmente de la pasividad de la empresa (Dunnes Stores) ante la ocupaci\u00f3n de PMR indebidamente, con la colaboraci\u00f3n incluso de empleados de los comercios, a\u00fan cuando exist\u00edan plazas libres a unos metros. \u00ab<strong>En estos casos nunca llaman a la Polic\u00eda, pero al parecer les molesta enormemente que la ciudadan\u00eda les llame la atenci\u00f3n<\/strong>\u00ab, criticaron.<\/p>\n<figure id=\"attachment_1652\" aria-describedby=\"caption-attachment-1652\" style=\"width: 300px\" class=\"wp-caption aligncenter\"><a href=\"https:\/\/democraciaactiva.eu\/wp-content\/uploads\/2018\/07\/Mijas4-anom.jpg\"><img decoding=\"async\" loading=\"lazy\" class=\"size-medium wp-image-1652\" src=\"https:\/\/democraciaactiva.eu\/wp-content\/uploads\/2018\/07\/Mijas4-anom-300x152.jpg\" alt=\"\" width=\"300\" height=\"152\" \/><\/a><figcaption id=\"caption-attachment-1652\" class=\"wp-caption-text\">Uso de PMR sin movilidad reducida<\/figcaption><\/figure>\n<p style=\"text-align: justify;\">Por \u00faltimo resaltaron que en otros municipios, como San Roque (C\u00e1diz), la Polic\u00eda Local <strong>no s\u00f3lo no considera la difusi\u00f3n de estos boletines de protesta como ilegales, si no que acuden cuando son informados de infracciones y denuncian con sus boletines sin retirar el de @capacesde<\/strong>. En la imagen una denuncia de la Polic\u00eda Local al lado de un bolet\u00edn de @capaces_de puesto antes del aviso.<a href=\"https:\/\/democraciaactiva.eu\/wp-content\/uploads\/2018\/07\/Denuncia-San-Roque.jpg\"><img decoding=\"async\" loading=\"lazy\" class=\"aligncenter size-medium wp-image-1653\" src=\"https:\/\/democraciaactiva.eu\/wp-content\/uploads\/2018\/07\/Denuncia-San-Roque-225x300.jpg\" alt=\"\" width=\"225\" height=\"300\" \/><\/a><\/p>\n<p style=\"text-align: justify;\">Desde DCA resaltaron que \u00abestas campa\u00f1as, con boletines de @capacesde o propios, se seguir\u00e1n llevando a cabo en distintos municipios como hasta ahora, y cuenta con el apoyo de la Polic\u00eda Local en la mayor\u00eda de ellos. Por eso <strong>resulta especialmente importante conocer si en Mijas los activistas van a ser perseguidos por los agentes o ha sido un hecho puntual para contentar a Dunnes Stores<\/strong>\u00ab, finalizaron.<\/p>\n","protected":false},"excerpt":{"rendered":"<div class=\"mh-excerpt\"><p>El pasado viernes agentes de la Polic\u00eda Local de Mijas (M\u00e1laga) impidi\u00f3 la salida del aparcamiento de la empresa Dunnes Stores de esta localidad a <a class=\"mh-excerpt-more\" href=\"https:\/\/democraciaactiva.eu\/?p=1646\" title=\"La Polic\u00eda Local de Mijas (M\u00e1laga) denuncia activistas de @capaces_de .\">[&#8230;]<\/a><\/p>\n<\/div>","protected":false},"author":1,"featured_media":1655,"comment_status":"closed","ping_status":"open","sticky":false,"template":"","format":"standard","meta":[],"categories":[3,8,13],"tags":[],"_links":{"self":[{"href":"https:\/\/democraciaactiva.eu\/index.php?rest_route=\/wp\/v2\/posts\/1646"}],"collection":[{"href":"https:\/\/democraciaactiva.eu\/index.php?rest_route=\/wp\/v2\/posts"}],"about":[{"href":"https:\/\/democraciaactiva.eu\/index.php?rest_route=\/wp\/v2\/types\/post"}],"author":[{"embeddable":true,"href":"https:\/\/democraciaactiva.eu\/index.php?rest_route=\/wp\/v2\/users\/1"}],"replies":[{"embeddable":true,"href":"https:\/\/democraciaactiva.eu\/index.php?rest_route=%2Fwp%2Fv2%2Fcomments&post=1646"}],"version-history":[{"count":0,"href":"https:\/\/democraciaactiva.eu\/index.php?rest_route=\/wp\/v2\/posts\/1646\/revisions"}],"wp:featuredmedia":[{"embeddable":true,"href":"https:\/\/democraciaactiva.eu\/index.php?rest_route=\/"}],"wp:attachment":[{"href":"https:\/\/democraciaactiva.eu\/index.php?rest_route=%2Fwp%2Fv2%2Fmedia&parent=1646"}],"wp:term":[{"taxonomy":"category","embeddable":true,"href":"https:\/\/democraciaactiva.eu\/index.php?rest_route=%2Fwp%2Fv2%2Fcategories&post=1646"},{"taxonomy":"post_tag","embeddable":true,"href":"https:\/\/democraciaactiva.eu\/index.php?rest_route=%2Fwp%2Fv2%2Ftags&post=1646"}],"curies":[{"name":"wp","href":"https:\/\/api.w.org\/{rel}","templated":true}]}}