{"id":1638,"date":"2018-07-23T12:09:44","date_gmt":"2018-07-23T10:09:44","guid":{"rendered":"http:\/\/democraciaactiva.eu\/?p=1638"},"modified":"2018-07-23T12:09:44","modified_gmt":"2018-07-23T10:09:44","slug":"dca-considera-indignante-que-la-policia-local-de-san-roque-se-olvide-del-otro-metro-y-medio","status":"publish","type":"post","link":"https:\/\/democraciaactiva.eu\/?p=1638","title":{"rendered":"DCA considera indignante que la Polic\u00eda Local de San Roque se olvide del \u00abotro metro y medio\u00bb"},"content":{"rendered":"<p style=\"text-align: justify;\">Como hicieran el a\u00f1o pasado, en uno de los perfiles -no oficiales al parecer- de facebook de la Polic\u00eda Local de San Roque se ha vuelto a recordar la distancia de metro y medio que deben respetar los conductores al adelantar a ciclistas.<\/p>\n<p style=\"text-align: justify;\">\u00abParece que ya han dado la vuelta a la lista de recordatorios, puesto que el a\u00f1o pasado tambi\u00e9n se acordaban de esta medida, mientras <strong>se olvidan del otro metro y medio, el que debe respetar el mobiliario urbano en las aceras para permitir la accesibilidad<\/strong>\u00ab, destacaron.<a href=\"https:\/\/democraciaactiva.eu\/wp-content\/uploads\/2018\/07\/MetroymedioSRoque.jpg\"><img decoding=\"async\" loading=\"lazy\" class=\"aligncenter size-medium wp-image-1641\" src=\"https:\/\/democraciaactiva.eu\/wp-content\/uploads\/2018\/07\/MetroymedioSRoque-218x300.jpg\" alt=\"\" width=\"218\" height=\"300\" \/><\/a><\/p>\n<p style=\"text-align: justify;\">Cabe recordar que no s\u00f3lo la normativa estatal y auton\u00f3mica obliga a respetar esas distancias, si no <strong>tambi\u00e9n las propias ordenanzas municipales de San Roque<\/strong>. Sin embargo, basta pasar por cualquiera de sus calles para encontrar numeroso mobiliario urbano que no respeta estas distancias o directamente impiden el paso por completo.<a href=\"https:\/\/democraciaactiva.eu\/wp-content\/uploads\/2018\/07\/Bares.jpg\"><img decoding=\"async\" loading=\"lazy\" class=\"aligncenter size-medium wp-image-1643\" src=\"https:\/\/democraciaactiva.eu\/wp-content\/uploads\/2018\/07\/Bares-300x200.jpg\" alt=\"\" width=\"300\" height=\"200\" \/><\/a><\/p>\n<p style=\"text-align: justify;\">Desde la asociaci\u00f3n Defensa Ciudadana Activa se record\u00f3 a primeros de a\u00f1o a la Jefatura de Polic\u00eda Local el contenido de las ordenanzas, as\u00ed como la obligaci\u00f3n de retirar los obst\u00e1culos, \u00abpero <strong>hasta la fecha no ha cambiado nada, las aceras del municipio siguen cortadas por distinto mobiliario, sin que la Polic\u00eda Local los haya retirado<\/strong>. Al parecer incluso insisten a quienes se quejan por el corte de aceras, como un ciudadano hizo en Torreguadiaro, a que lo presenten por escrito, como si no fuera su obligaci\u00f3n actuar de oficio. <strong>Posiblemente lo que busquen animando a las denuncias de unos vecinos contra otros sea mejorar la convivencia<\/strong>, pero creemos que son tareas que deben realizar de oficio a\u00fan sin intervenci\u00f3n ciudadana\u00bb, denunciaron.<\/p>\n<p style=\"text-align: justify;\">Desde DCA ya se han iniciado medidas para compensar la negativa de la Jefatura de Polic\u00eda Local a atender sus peticiones, esperando que sean resueltas por otras instituciones que aclaren \u00ab<strong>si la Polic\u00eda Local debe atender estas reivindicaciones, dentro de sus funciones, o puede ignorar a determinados colectivos impunemente<\/strong>\u00ab, finalizaron.<\/p>\n","protected":false},"excerpt":{"rendered":"<div class=\"mh-excerpt\"><p>Como hicieran el a\u00f1o pasado, en uno de los perfiles -no oficiales al parecer- de facebook de la Polic\u00eda Local de San Roque se ha <a class=\"mh-excerpt-more\" href=\"https:\/\/democraciaactiva.eu\/?p=1638\" title=\"DCA considera indignante que la Polic\u00eda Local de San Roque se olvide del \u00abotro metro y medio\u00bb\">[&#8230;]<\/a><\/p>\n<\/div>","protected":false},"author":1,"featured_media":1643,"comment_status":"closed","ping_status":"open","sticky":false,"template":"","format":"standard","meta":[],"categories":[3,13],"tags":[22,39,48],"_links":{"self":[{"href":"https:\/\/democraciaactiva.eu\/index.php?rest_route=\/wp\/v2\/posts\/1638"}],"collection":[{"href":"https:\/\/democraciaactiva.eu\/index.php?rest_route=\/wp\/v2\/posts"}],"about":[{"href":"https:\/\/democraciaactiva.eu\/index.php?rest_route=\/wp\/v2\/types\/post"}],"author":[{"embeddable":true,"href":"https:\/\/democraciaactiva.eu\/index.php?rest_route=\/wp\/v2\/users\/1"}],"replies":[{"embeddable":true,"href":"https:\/\/democraciaactiva.eu\/index.php?rest_route=%2Fwp%2Fv2%2Fcomments&post=1638"}],"version-history":[{"count":0,"href":"https:\/\/democraciaactiva.eu\/index.php?rest_route=\/wp\/v2\/posts\/1638\/revisions"}],"wp:featuredmedia":[{"embeddable":true,"href":"https:\/\/democraciaactiva.eu\/index.php?rest_route=\/"}],"wp:attachment":[{"href":"https:\/\/democraciaactiva.eu\/index.php?rest_route=%2Fwp%2Fv2%2Fmedia&parent=1638"}],"wp:term":[{"taxonomy":"category","embeddable":true,"href":"https:\/\/democraciaactiva.eu\/index.php?rest_route=%2Fwp%2Fv2%2Fcategories&post=1638"},{"taxonomy":"post_tag","embeddable":true,"href":"https:\/\/democraciaactiva.eu\/index.php?rest_route=%2Fwp%2Fv2%2Ftags&post=1638"}],"curies":[{"name":"wp","href":"https:\/\/api.w.org\/{rel}","templated":true}]}}