{"id":1634,"date":"2018-06-22T16:30:02","date_gmt":"2018-06-22T14:30:02","guid":{"rendered":"http:\/\/democraciaactiva.eu\/?p=1634"},"modified":"2018-06-22T16:30:02","modified_gmt":"2018-06-22T14:30:02","slug":"la-justicia-ordena-a-multimedia-rectificar-sus-informaciones-sobre-dca","status":"publish","type":"post","link":"https:\/\/democraciaactiva.eu\/?p=1634","title":{"rendered":"La justicia ordena a Multimedia rectificar sus informaciones sobre DCA"},"content":{"rendered":"<p style=\"text-align: justify;\">Tras <a href=\"https:\/\/democraciaactiva.eu\/?p=1157\">dar la raz\u00f3n la Audiencia Provincial<\/a> a la Asociaci\u00f3n Defensa Ciudadana Activa frente al Ayuntamiento de San Roque, <strong>inst\u00e1ndole a rectificar la informaci\u00f3n falsa difundida por los medios municipales<\/strong>, y <a href=\"https:\/\/democraciaactiva.eu\/?p=1307\">rechazar el Tribunal Supremo su recurso de apelaci\u00f3n<\/a>, la empresa Multimedia, perteneciente al Ayuntamiento de San Roque (C\u00e1diz) <a href=\"http:\/\/www.sanroque.es\/content\/rectificaci-n\">ha publicado finalmente la rectificaci\u00f3n ordenada.<\/a><\/p>\n<p style=\"text-align: justify;\"><a href=\"https:\/\/democraciaactiva.eu\/wp-content\/uploads\/2018\/06\/Nota-Multimedia.jpg\"><img decoding=\"async\" loading=\"lazy\" class=\"aligncenter size-medium wp-image-1636\" src=\"https:\/\/democraciaactiva.eu\/wp-content\/uploads\/2018\/06\/Nota-Multimedia-300x228.jpg\" alt=\"\" width=\"300\" height=\"228\" \/><\/a>Desde el colectivo han lamentado que \u00abuna vez m\u00e1s <strong>queda demostrado que los medios supuestamente p\u00fablicos que pagamos de nuestros impuestos no se definen precisamente por dar informaci\u00f3n veraz. A los gobiernos les interesan m\u00e1s medios de propaganda que de informaci\u00f3n<\/strong>, lo cual justifica que pese al coste de m\u00e1s de un mill\u00f3n de euros anuales estos medios supuestamente p\u00fablicos <strong>no permitan otros puntos de vista que molesten al gobierno local<\/strong> y obliguen a que la justicia deba ordenar la ejecuci\u00f3n de una sentencia firme desde hace m\u00e1s de un a\u00f1o para que cumplen la Ley\u00bb, denunciaron.<\/p>\n<p style=\"text-align: justify;\">Lamentablemente no esperamos cambios en la pol\u00edtica puramente publicitaria de los medios municipales. Seguir\u00e1n dedic\u00e1ndose al pase peri\u00f3dico de fotos de los concejales, el anuncio de inauguraci\u00f3n de obras, y cualquier propaganda similar, dejando de lado las informaciones de colectivos locales que no aplaudan sin m\u00e1s al gobierno local de turno. Parece ser la \u00fanica forma de que los \u00abperiodistas\u00bb conserven su trabajo, ya que <strong>todos conocemos bastantes casos de profesionales que han perdido sus puestos por ser fieles a la verdad y la pluralidad. Est\u00e1 claro que eso nunca ocurrir\u00e1 en San Roque.<\/strong><\/p>\n<p style=\"text-align: justify;\">Las administraciones p\u00fablicas deber\u00edan entender que los ciudadanos tienen derechos y no pueden ir utilizando los medios p\u00fablicos a su antojo. En este sentido San Roque ha sido el m\u00e1ximo exponente de administraci\u00f3n hostil con la ciudadan\u00eda, dedicando ingentes medios a subvencionar y promocionar colectivos y empresas de confianza mientras marginan al resto, les impiden sus leg\u00edtimos derechos, e incluso les obligan a\u00a0recurrir a la tutela judicial para defenderse. \u00ab<strong>Esperamos que hayan entendido que no todo vale para evitar las cr\u00edticas, que un Ayuntamiento no es un Cortijo donde todo lo p\u00fablico pasa a ser de sus partidos. Todos los ciudadanos tienen derechos y est\u00e1n dispuestos a exigirlos<\/strong>\u00ab, finalizaron.<\/p>\n","protected":false},"excerpt":{"rendered":"<div class=\"mh-excerpt\"><p>Tras dar la raz\u00f3n la Audiencia Provincial a la Asociaci\u00f3n Defensa Ciudadana Activa frente al Ayuntamiento de San Roque, inst\u00e1ndole a rectificar la informaci\u00f3n falsa <a class=\"mh-excerpt-more\" href=\"https:\/\/democraciaactiva.eu\/?p=1634\" title=\"La justicia ordena a Multimedia rectificar sus informaciones sobre DCA\">[&#8230;]<\/a><\/p>\n<\/div>","protected":false},"author":1,"featured_media":1636,"comment_status":"closed","ping_status":"open","sticky":false,"template":"","format":"standard","meta":[],"categories":[5,8],"tags":[],"_links":{"self":[{"href":"https:\/\/democraciaactiva.eu\/index.php?rest_route=\/wp\/v2\/posts\/1634"}],"collection":[{"href":"https:\/\/democraciaactiva.eu\/index.php?rest_route=\/wp\/v2\/posts"}],"about":[{"href":"https:\/\/democraciaactiva.eu\/index.php?rest_route=\/wp\/v2\/types\/post"}],"author":[{"embeddable":true,"href":"https:\/\/democraciaactiva.eu\/index.php?rest_route=\/wp\/v2\/users\/1"}],"replies":[{"embeddable":true,"href":"https:\/\/democraciaactiva.eu\/index.php?rest_route=%2Fwp%2Fv2%2Fcomments&post=1634"}],"version-history":[{"count":0,"href":"https:\/\/democraciaactiva.eu\/index.php?rest_route=\/wp\/v2\/posts\/1634\/revisions"}],"wp:featuredmedia":[{"embeddable":true,"href":"https:\/\/democraciaactiva.eu\/index.php?rest_route=\/"}],"wp:attachment":[{"href":"https:\/\/democraciaactiva.eu\/index.php?rest_route=%2Fwp%2Fv2%2Fmedia&parent=1634"}],"wp:term":[{"taxonomy":"category","embeddable":true,"href":"https:\/\/democraciaactiva.eu\/index.php?rest_route=%2Fwp%2Fv2%2Fcategories&post=1634"},{"taxonomy":"post_tag","embeddable":true,"href":"https:\/\/democraciaactiva.eu\/index.php?rest_route=%2Fwp%2Fv2%2Ftags&post=1634"}],"curies":[{"name":"wp","href":"https:\/\/api.w.org\/{rel}","templated":true}]}}