{"id":1620,"date":"2018-06-17T13:16:20","date_gmt":"2018-06-17T11:16:20","guid":{"rendered":"http:\/\/democraciaactiva.eu\/?p=1620"},"modified":"2018-06-17T13:16:20","modified_gmt":"2018-06-17T11:16:20","slug":"torrelodones-facilita-las-practicas-de-dudosa-etica-en-subvenciones","status":"publish","type":"post","link":"https:\/\/democraciaactiva.eu\/?p=1620","title":{"rendered":"Torrelodones facilita las pr\u00e1cticas de dudosa \u00e9tica en subvenciones."},"content":{"rendered":"<p style=\"text-align: justify;\">D\u00edas atr\u00e1s recibimos la noticia de que <strong>la madre de un AMPA en Torrelodones (la presidenta en realidad) utiliz\u00f3 el 74% de la ayuda p\u00fablica<\/strong> de los \u00faltimos a\u00f1os para contratar excursiones en su empresa. En total 90.700 euros en seis a\u00f1os.<\/p>\n<p style=\"text-align: justify;\">L\u00f3gicamente, esta informaci\u00f3n que fue publicada por <a href=\"https:\/\/www.elconfidencial.com\/espana\/madrid\/2018-06-08\/penalar-torrelodones-ampa-subvencion-madre_1575673\/\">El Confidencial<\/a>\u00a0tuvo consecuencias. La primera que, debido a las grandes diferencias de precio al parecer entre la empresa de la presidenta y otras agencias de viajes, familias del centro afectado (colegio concertado Pe\u00f1alar) crearon otra AMPA para desarrollar sus actividades.<\/p>\n<p style=\"text-align: justify;\">El Ayuntamiento de Torrelodones, que otorg\u00f3 las subvenciones p\u00fablicas a este colegio, indic\u00f3 a trav\u00e9s de su grupo pol\u00edtico en redes sociales que <strong>\u00abla \u00e9tica en el uso de los fondos p\u00fablicos es exigible a los responsables pol\u00edticos\u00bb, aunque l\u00f3gicamente no aceptan responsabilidad alguna<\/strong>, dicen que \u00abcambiar\u00e1n sus normas\u00bb, desconociendo tal vez que si al colegio Pe\u00f1alar le hubieran aplicado las mismas normas que a los dem\u00e1s esto no habr\u00eda pasado, y por \u00faltimo, como medida de choque, anuncian que \u00ab<strong>paralizan las subvenciones 2.018<\/strong>\u00bb de modo que pagan justos por pecadores, anunciando que exigir\u00e1n \u00abcondiciones m\u00e1s estrictas\u00bb. Realmente <strong>bastar\u00eda con que las condiciones para el AMPA del colegio Pe\u00f1alar fueran las mismas que las de los dem\u00e1s<\/strong>.<a href=\"https:\/\/democraciaactiva.eu\/wp-content\/uploads\/2018\/06\/Tweet-Torre.jpg\"><img decoding=\"async\" loading=\"lazy\" class=\"aligncenter size-medium wp-image-1623\" src=\"https:\/\/democraciaactiva.eu\/wp-content\/uploads\/2018\/06\/Tweet-Torre-300x293.jpg\" alt=\"\" width=\"300\" height=\"293\" \/><\/a><\/p>\n<p style=\"text-align: justify;\">Pasar de puntillas sobre el origen del problema no es nuevo en los partidos pol\u00edticos, por lo que nunca van a reconocer que el problema \u00e9tico ser\u00eda tan espectacular si las condiciones a ese centro no fueran tan concretas: <strong>las condiciones exigidas por el Ayuntamiento al AMPA de Pe\u00f1alar obligaba a destinar entre el 60% y el\u00a080% del importe de la subvenci\u00f3n a viajes,\u00a0<\/strong>mientras a otros similares s\u00f3lo pod\u00edan llegar a un 10%. Dejamos la comparativa de Pe\u00f1alar con El Encinar donde puede apreciarse la diferencia en el reparto exigido por el Ayuntamiento.<\/p>\n<p><a href=\"https:\/\/democraciaactiva.eu\/wp-content\/uploads\/2018\/06\/0fd6994717e623d4f66aaaf30422363c.jpg\"><img decoding=\"async\" loading=\"lazy\" class=\"aligncenter size-medium wp-image-1621\" src=\"https:\/\/democraciaactiva.eu\/wp-content\/uploads\/2018\/06\/0fd6994717e623d4f66aaaf30422363c-203x300.jpg\" alt=\"\" width=\"203\" height=\"300\" \/><\/a><a href=\"https:\/\/democraciaactiva.eu\/wp-content\/uploads\/2018\/06\/AMPA-El-Encinar.jpg\"><img decoding=\"async\" loading=\"lazy\" class=\"aligncenter size-medium wp-image-1622\" src=\"https:\/\/democraciaactiva.eu\/wp-content\/uploads\/2018\/06\/AMPA-El-Encinar-215x300.jpg\" alt=\"\" width=\"215\" height=\"300\" \/><\/a><\/p>\n<p style=\"text-align: justify;\">\u00bfDesconoc\u00eda el equipo de gobierno la realidad de los centros?, \u00bf<strong>por qu\u00e9 esa gran diferencia de criterio entre Pe\u00f1alar con el resto?, \u00bfalguien les sugiri\u00f3 que quer\u00edan dedicar el 80% de las subvenciones a excursiones?<\/strong> Los Ayuntamientos tienen representantes escolares, conocen a muchas familias de los centros, e incluso comentan -sin confirmar- que los hijos de la Alcaldesa asisten al centro Pe\u00f1alar objeto de la pol\u00e9mica.<strong> \u00bfPor qu\u00e9 este gobierno local no aclara qu\u00e9 les hizo derivar, exigir, se\u00f1alar expresamente, que ese enorme porcentaje de subvenci\u00f3n se dedicara a excursiones?<\/strong><\/p>\n<p style=\"text-align: justify;\">Torrelodones es de los municipios en los que <strong>todos los cargos p\u00fablicos cobran y tienen personal de confianza asignado, incluso los que no gobiernan por minoritarios que sean<\/strong>. Sin embargo, estas dudas que cualquier ciudadano puede tener no parecen ser suficientes como para que las planteen al gobierno local. De este modo <strong>Torrelodones es, una vez m\u00e1s, ejemplo, en este caso de c\u00f3mo facilitar la falta de \u00e9tica en el uso de fondos p\u00fablicos siendo todos los cargos pol\u00edticos impunes a cualquier responsabilidad<\/strong>, avalada adem\u00e1s en la mayor\u00eda de casos por la silenciosa oposici\u00f3n.<\/p>\n","protected":false},"excerpt":{"rendered":"<div class=\"mh-excerpt\"><p>D\u00edas atr\u00e1s recibimos la noticia de que la madre de un AMPA en Torrelodones (la presidenta en realidad) utiliz\u00f3 el 74% de la ayuda p\u00fablica <a class=\"mh-excerpt-more\" href=\"https:\/\/democraciaactiva.eu\/?p=1620\" title=\"Torrelodones facilita las pr\u00e1cticas de dudosa \u00e9tica en subvenciones.\">[&#8230;]<\/a><\/p>\n<\/div>","protected":false},"author":1,"featured_media":1623,"comment_status":"closed","ping_status":"open","sticky":false,"template":"","format":"standard","meta":[],"categories":[5,10],"tags":[],"_links":{"self":[{"href":"https:\/\/democraciaactiva.eu\/index.php?rest_route=\/wp\/v2\/posts\/1620"}],"collection":[{"href":"https:\/\/democraciaactiva.eu\/index.php?rest_route=\/wp\/v2\/posts"}],"about":[{"href":"https:\/\/democraciaactiva.eu\/index.php?rest_route=\/wp\/v2\/types\/post"}],"author":[{"embeddable":true,"href":"https:\/\/democraciaactiva.eu\/index.php?rest_route=\/wp\/v2\/users\/1"}],"replies":[{"embeddable":true,"href":"https:\/\/democraciaactiva.eu\/index.php?rest_route=%2Fwp%2Fv2%2Fcomments&post=1620"}],"version-history":[{"count":0,"href":"https:\/\/democraciaactiva.eu\/index.php?rest_route=\/wp\/v2\/posts\/1620\/revisions"}],"wp:featuredmedia":[{"embeddable":true,"href":"https:\/\/democraciaactiva.eu\/index.php?rest_route=\/"}],"wp:attachment":[{"href":"https:\/\/democraciaactiva.eu\/index.php?rest_route=%2Fwp%2Fv2%2Fmedia&parent=1620"}],"wp:term":[{"taxonomy":"category","embeddable":true,"href":"https:\/\/democraciaactiva.eu\/index.php?rest_route=%2Fwp%2Fv2%2Fcategories&post=1620"},{"taxonomy":"post_tag","embeddable":true,"href":"https:\/\/democraciaactiva.eu\/index.php?rest_route=%2Fwp%2Fv2%2Ftags&post=1620"}],"curies":[{"name":"wp","href":"https:\/\/api.w.org\/{rel}","templated":true}]}}