{"id":1611,"date":"2018-06-01T13:10:18","date_gmt":"2018-06-01T11:10:18","guid":{"rendered":"http:\/\/democraciaactiva.eu\/?p=1611"},"modified":"2018-06-01T13:10:18","modified_gmt":"2018-06-01T11:10:18","slug":"nueva-resolucion-del-consejo-de-transparencia-contra-el-ayuntamiento-de-jimena-de-la-frontera-cadiz","status":"publish","type":"post","link":"https:\/\/democraciaactiva.eu\/?p=1611","title":{"rendered":"Nueva resoluci\u00f3n del Consejo de Transparencia contra el Ayuntamiento de Jimena de la Frontera (C\u00e1diz)"},"content":{"rendered":"<p style=\"text-align: justify;\">Estos d\u00edas hemos recibido resoluci\u00f3n del Consejo de Transparencia de Andaluc\u00eda sobre peticiones realizadas hace algo m\u00e1s de un a\u00f1o al Ayuntamiento de Jimena de la Frontera (C\u00e1diz) que, siguiendo la t\u00f3nica habitual en otras resoluciones similares, deja constancia de que <strong>no s\u00f3lo no se contest\u00f3 a las peticiones de esta Asociaci\u00f3n, si no que tampoco a los requerimientos del propio Consejo de Transparencia.<a href=\"https:\/\/democraciaactiva.eu\/wp-content\/uploads\/2018\/06\/CPTD2.jpg\"><img decoding=\"async\" loading=\"lazy\" class=\"aligncenter wp-image-1615 size-medium\" src=\"https:\/\/democraciaactiva.eu\/wp-content\/uploads\/2018\/06\/CPTD2-207x300.jpg\" alt=\"\" width=\"207\" height=\"300\" \/><\/a><\/strong><\/p>\n<p style=\"text-align: justify;\">L\u00f3gicamente la resoluci\u00f3n confirma la primera norma de nuestro dec\u00e1logo: <strong>el silencio no es una opci\u00f3n<\/strong>, dando un plazo de 20 d\u00edas una vez m\u00e1s a la administraci\u00f3n local para entregar la informaci\u00f3n p\u00fablica solicitada.<\/p>\n<p style=\"text-align: justify;\">Desde nuestro colectivo lamentamos que las administraciones p\u00fablicas decidan <strong>enrocarse en el silencio administrativo vulnerando cuanta normativa existe al respecto, desde la Ley 39\/2015 de Procedimiento Administrativo Com\u00fan a la Ley 1\/2014 de Transparencia de Andaluc\u00eda<\/strong>, y aunque sigan apostando por esa pol\u00edtica de silencio ante las peticiones ciudadanas seguiremos insistiendo en la aplicaci\u00f3n de nuestro protocolo para una participaci\u00f3n efectiva de la ciudadan\u00eda en los asuntos p\u00fablicos.<a href=\"https:\/\/democraciaactiva.eu\/wp-content\/uploads\/2018\/06\/CTPD3.jpg\"><img decoding=\"async\" loading=\"lazy\" class=\"aligncenter size-medium wp-image-1614\" src=\"https:\/\/democraciaactiva.eu\/wp-content\/uploads\/2018\/06\/CTPD3-206x300.jpg\" alt=\"\" width=\"206\" height=\"300\" \/><\/a><\/p>\n<p style=\"text-align: justify;\">No podemos confirmar, l\u00f3gicamente, si la falta de cumplimiento de la legalidad de las administraciones responde a decisiones concretas de los responsables, o a la <strong>negligencia sistem\u00e1tica del personal que supuestamente sirve al ciudadano<\/strong>, pero si fuera por este segundo motivo deber\u00edan aplicar los procedimientos previstos en el Estatuto B\u00e1sico del Empleado P\u00fablico de modo que este ninguneo del ciudadano no quede impune. Lamentablemente las administraciones p\u00fablicas parece que \u00fanicamente utilizan esa norma cuando hay funcionarios molestos, no cuando incumplen sus funciones.<\/p>\n<p style=\"text-align: justify;\">Esperamos que el Ayuntamiento de Jimena de la Frontera acate las resoluciones del Consejo de Transparencia y remita la documentaci\u00f3n solicitada, aunque <strong>ser\u00eda de agradecer que respondiera los expedientes sin tener que llegar a ese paso de nuestro protocolo<\/strong>, lo cual significar\u00eda que se respetan las normas y por ende a los ciudadanos.<\/p>\n","protected":false},"excerpt":{"rendered":"<div class=\"mh-excerpt\"><p>Estos d\u00edas hemos recibido resoluci\u00f3n del Consejo de Transparencia de Andaluc\u00eda sobre peticiones realizadas hace algo m\u00e1s de un a\u00f1o al Ayuntamiento de Jimena de <a class=\"mh-excerpt-more\" href=\"https:\/\/democraciaactiva.eu\/?p=1611\" title=\"Nueva resoluci\u00f3n del Consejo de Transparencia contra el Ayuntamiento de Jimena de la Frontera (C\u00e1diz)\">[&#8230;]<\/a><\/p>\n<\/div>","protected":false},"author":1,"featured_media":1616,"comment_status":"closed","ping_status":"open","sticky":false,"template":"","format":"standard","meta":[],"categories":[19],"tags":[],"_links":{"self":[{"href":"https:\/\/democraciaactiva.eu\/index.php?rest_route=\/wp\/v2\/posts\/1611"}],"collection":[{"href":"https:\/\/democraciaactiva.eu\/index.php?rest_route=\/wp\/v2\/posts"}],"about":[{"href":"https:\/\/democraciaactiva.eu\/index.php?rest_route=\/wp\/v2\/types\/post"}],"author":[{"embeddable":true,"href":"https:\/\/democraciaactiva.eu\/index.php?rest_route=\/wp\/v2\/users\/1"}],"replies":[{"embeddable":true,"href":"https:\/\/democraciaactiva.eu\/index.php?rest_route=%2Fwp%2Fv2%2Fcomments&post=1611"}],"version-history":[{"count":0,"href":"https:\/\/democraciaactiva.eu\/index.php?rest_route=\/wp\/v2\/posts\/1611\/revisions"}],"wp:featuredmedia":[{"embeddable":true,"href":"https:\/\/democraciaactiva.eu\/index.php?rest_route=\/"}],"wp:attachment":[{"href":"https:\/\/democraciaactiva.eu\/index.php?rest_route=%2Fwp%2Fv2%2Fmedia&parent=1611"}],"wp:term":[{"taxonomy":"category","embeddable":true,"href":"https:\/\/democraciaactiva.eu\/index.php?rest_route=%2Fwp%2Fv2%2Fcategories&post=1611"},{"taxonomy":"post_tag","embeddable":true,"href":"https:\/\/democraciaactiva.eu\/index.php?rest_route=%2Fwp%2Fv2%2Ftags&post=1611"}],"curies":[{"name":"wp","href":"https:\/\/api.w.org\/{rel}","templated":true}]}}