{"id":1593,"date":"2018-04-27T16:34:07","date_gmt":"2018-04-27T14:34:07","guid":{"rendered":"http:\/\/democraciaactiva.eu\/?p=1593"},"modified":"2018-04-27T16:34:07","modified_gmt":"2018-04-27T14:34:07","slug":"revisaran-las-licencias-de-terrazas-en-torrelodones-madrid","status":"publish","type":"post","link":"https:\/\/democraciaactiva.eu\/?p=1593","title":{"rendered":"Revisar\u00e1n las licencias de terrazas en Torrelodones (Madrid)"},"content":{"rendered":"<p style=\"text-align: justify;\">Desde la Asociaci\u00f3n Defensa Ciudadana Activa se ha solicitado al Ayuntamiento de Torrelodones (Madrid) copia de distinta documentaci\u00f3n relativa a la a<strong>mpliaci\u00f3n del acerado p\u00fablico y la ocupaci\u00f3n de \u00e9ste por empresas de hosteler\u00eda<\/strong>.<\/p>\n<p style=\"text-align: justify;\">Recientemente se han publicitado establecimientos con fotograf\u00edas de ampliaciones de este tipo, sobre suelo p\u00fablico, que est\u00e1n reguladas como en otros municipios por una Ordenanza Municipal. Sin embargo en las fotograf\u00edas <strong>no parece haber espacio suficiente para respetar los itinerarios accesibles<\/strong>, que seg\u00fan las normas municipales no pueden ser inferiores a 1,5 metros de ancho.<a href=\"https:\/\/democraciaactiva.eu\/wp-content\/uploads\/2018\/04\/Acera-Torre2.jpg\"><img decoding=\"async\" loading=\"lazy\" class=\"aligncenter size-medium wp-image-1595\" src=\"https:\/\/democraciaactiva.eu\/wp-content\/uploads\/2018\/04\/Acera-Torre2-300x169.jpg\" alt=\"\" width=\"300\" height=\"169\" \/><\/a><\/p>\n<p style=\"text-align: justify;\">\u00abPor este motivo hemos pedido informaci\u00f3n al Ayuntamiento, entendiendo que parecen evidentes los incumplimientos pero no se est\u00e1n evitando, por lo que nos caben dos posibilidades: <strong>o han dado licencia y no est\u00e1n cumpliendo su contenido, o simplemente carecen de licencia para la ocupaci\u00f3n del acerado<\/strong>. En cualquiera de estos casos la Polic\u00eda Local podr\u00eda no estar cumpliendo su labor de velar por el respeto a las normas de la localidad\u00bb, explicaron.<\/p>\n<p style=\"text-align: justify;\"><a href=\"https:\/\/democraciaactiva.eu\/wp-content\/uploads\/2018\/04\/18678.jpg\"><img decoding=\"async\" loading=\"lazy\" class=\"aligncenter size-medium wp-image-1597\" src=\"https:\/\/democraciaactiva.eu\/wp-content\/uploads\/2018\/04\/18678-194x300.jpg\" alt=\"\" width=\"194\" height=\"300\" \/><\/a><\/p>\n<p style=\"text-align: justify;\">La documentaci\u00f3n solicitada tiene como objeto comprobar <strong>qu\u00e9 v\u00edas han sido objeto de ampliaci\u00f3n del acerado, supuestamente para mejorar el tr\u00e1nsito de ciudadanos, si se han dado licencia licencia para veladores en ellas, y en qu\u00e9 condiciones<\/strong>. \u00abSe ha pedido esta documentaci\u00f3n porque existe un sentimiento en la ciudadan\u00eda de tomadura de pelo, como <strong>si las ampliaciones del acerado se hubieran realizado no para uso peatonal, si no de las empresas que acto seguido las han ocupado con terrazas<\/strong>. Por ello debemos aclarar esto y la mejor forma es cuadrar la documentaci\u00f3n solicitada as\u00ed como los informes, tambi\u00e9n solicitados, de la Polic\u00eda Local por denuncias sobre ocupaci\u00f3n de estas aceras\u00bb, denunciaron.<a href=\"https:\/\/democraciaactiva.eu\/wp-content\/uploads\/2018\/04\/Torrebar.jpg\"><img decoding=\"async\" loading=\"lazy\" class=\"aligncenter size-medium wp-image-1596\" src=\"https:\/\/democraciaactiva.eu\/wp-content\/uploads\/2018\/04\/Torrebar-225x300.jpg\" alt=\"\" width=\"225\" height=\"300\" \/><\/a><\/p>\n<p style=\"text-align: justify;\">Desde DCA esperan que la documentaci\u00f3n cuadre, pero temen que \u00aben algunos tramos de acerado si restamos al ancho total el m\u00ednimo libre puede que apenas queden unos cent\u00edmetros para que lo ocupen los hosteleros, por lo que no parece tener mucho sentido\u00bb.<\/p>\n<p style=\"text-align: justify;\">En cualquier caso, conforme a los protocolos marcados por la Asociaci\u00f3n, en caso de que las ocupaciones continuaran se pasar\u00eda directamente a queja ante otras administraciones \u00abpara <strong>evitar que los perjuicios para el ciudadano persistan por el silencio administrativo del Ayuntamiento<\/strong>\u00ab, finalizaron.<\/p>\n","protected":false},"excerpt":{"rendered":"<div class=\"mh-excerpt\"><p>Desde la Asociaci\u00f3n Defensa Ciudadana Activa se ha solicitado al Ayuntamiento de Torrelodones (Madrid) copia de distinta documentaci\u00f3n relativa a la ampliaci\u00f3n del acerado p\u00fablico <a class=\"mh-excerpt-more\" href=\"https:\/\/democraciaactiva.eu\/?p=1593\" title=\"Revisar\u00e1n las licencias de terrazas en Torrelodones (Madrid)\">[&#8230;]<\/a><\/p>\n<\/div>","protected":false},"author":1,"featured_media":1596,"comment_status":"closed","ping_status":"open","sticky":false,"template":"","format":"standard","meta":[],"categories":[3],"tags":[],"_links":{"self":[{"href":"https:\/\/democraciaactiva.eu\/index.php?rest_route=\/wp\/v2\/posts\/1593"}],"collection":[{"href":"https:\/\/democraciaactiva.eu\/index.php?rest_route=\/wp\/v2\/posts"}],"about":[{"href":"https:\/\/democraciaactiva.eu\/index.php?rest_route=\/wp\/v2\/types\/post"}],"author":[{"embeddable":true,"href":"https:\/\/democraciaactiva.eu\/index.php?rest_route=\/wp\/v2\/users\/1"}],"replies":[{"embeddable":true,"href":"https:\/\/democraciaactiva.eu\/index.php?rest_route=%2Fwp%2Fv2%2Fcomments&post=1593"}],"version-history":[{"count":0,"href":"https:\/\/democraciaactiva.eu\/index.php?rest_route=\/wp\/v2\/posts\/1593\/revisions"}],"wp:featuredmedia":[{"embeddable":true,"href":"https:\/\/democraciaactiva.eu\/index.php?rest_route=\/"}],"wp:attachment":[{"href":"https:\/\/democraciaactiva.eu\/index.php?rest_route=%2Fwp%2Fv2%2Fmedia&parent=1593"}],"wp:term":[{"taxonomy":"category","embeddable":true,"href":"https:\/\/democraciaactiva.eu\/index.php?rest_route=%2Fwp%2Fv2%2Fcategories&post=1593"},{"taxonomy":"post_tag","embeddable":true,"href":"https:\/\/democraciaactiva.eu\/index.php?rest_route=%2Fwp%2Fv2%2Ftags&post=1593"}],"curies":[{"name":"wp","href":"https:\/\/api.w.org\/{rel}","templated":true}]}}