{"id":1587,"date":"2018-04-22T14:44:39","date_gmt":"2018-04-22T12:44:39","guid":{"rendered":"http:\/\/democraciaactiva.eu\/?p=1587"},"modified":"2018-04-22T14:44:39","modified_gmt":"2018-04-22T12:44:39","slug":"piden-transparencia-a-la-diputacion-provincial-de-cadiz","status":"publish","type":"post","link":"https:\/\/democraciaactiva.eu\/?p=1587","title":{"rendered":"Piden transparencia a la Diputaci\u00f3n Provincial de C\u00e1diz"},"content":{"rendered":"<p style=\"text-align: justify;\">En estos d\u00edas, siguiendo los protocolos aprobados por la Junta Directiva de la Asociaci\u00f3n Defensa Ciudadana Activa, se ha procedido a remitir <strong>cuatro reclamaciones al Consejo de Transparencia de Andaluc\u00eda por el abuso del silencio administrativo de la Diputaci\u00f3n Provincial de C\u00e1diz<\/strong>.<a href=\"https:\/\/democraciaactiva.eu\/wp-content\/uploads\/2018\/04\/18667.jpg\"><img decoding=\"async\" loading=\"lazy\" class=\"aligncenter size-medium wp-image-1590\" src=\"https:\/\/democraciaactiva.eu\/wp-content\/uploads\/2018\/04\/18667-300x286.jpg\" alt=\"\" width=\"300\" height=\"286\" \/><\/a><\/p>\n<p style=\"text-align: justify;\">Los expedientes, que se remontan a diciembre de 2.016 en alg\u00fan caso, han seguido los pasos habituales siendo reiterados hasta en cuatro ocasiones sin respuesta. Por ello adem\u00e1s de advertir nuevamente al ente provincial sobre las infracciones cometidas, se han remitido a la instituci\u00f3n auton\u00f3mica conforme a la normativa vigente.<\/p>\n<p style=\"text-align: justify;\">Adem\u00e1s de ello, teniendo en cuenta la <strong>posible responsabilidad penal que ha remarcado el Defensor del Pueblo Andaluz en anteriores resoluciones por abuso del silencio administrativo<\/strong>, se han remitido igualmente cuatro quejas por esta situaci\u00f3n, esperando que, aunque el Defensor del Pueblo Andaluz carece de mecanismos sancionadores, sea un llamamiento m\u00e1s de atenci\u00f3n contra la opacidad del ente provincial.<a href=\"https:\/\/democraciaactiva.eu\/wp-content\/uploads\/2018\/04\/DPA1.jpg\"><img decoding=\"async\" loading=\"lazy\" class=\"aligncenter size-medium wp-image-1589\" src=\"https:\/\/democraciaactiva.eu\/wp-content\/uploads\/2018\/04\/DPA1-178x300.jpg\" alt=\"\" width=\"178\" height=\"300\" \/><\/a><a href=\"https:\/\/democraciaactiva.eu\/wp-content\/uploads\/2018\/04\/DPA2.jpg\"><img decoding=\"async\" loading=\"lazy\" class=\"aligncenter size-medium wp-image-1588\" src=\"https:\/\/democraciaactiva.eu\/wp-content\/uploads\/2018\/04\/DPA2-300x222.jpg\" alt=\"\" width=\"300\" height=\"222\" \/><\/a><\/p>\n<p style=\"text-align: justify;\">Desde DCA se ha resaltado que \u00ab<strong>hasta la fecha la Diputaci\u00f3n Provincial de C\u00e1diz no ha contestado ninguna de nuestras solicitudes de informaci\u00f3n p\u00fablica<\/strong>, por lo que esta situaci\u00f3n debe acabar. Estamos cansados de tanta propaganda sobre transparencia cuando a la hora de la verdad s\u00f3lo sale de sus paredes la publicidad institucional, ni un s\u00f3lo documento sobre las situaciones que a diario padecen los ciudadanos\u00bb, criticaron.<\/p>\n<p style=\"text-align: justify;\">Adem\u00e1s de los expedientes de queja y reclamaciones se han solicitado igualmente a la Diputaci\u00f3n Provincial los oportunos certificados de silencio administrativo, \u00abque deb\u00edan haber enviado de oficio conforme a la normativa vigente pero, una vez m\u00e1s, se vienen negando sistem\u00e1ticamente\u00bb, seg\u00fan DCA.<\/p>\n<p style=\"text-align: justify;\">El objeto de estos certificados no es otro que la solicitud de tutela judicial, compatible con las reclamaciones sobre transparencia, <strong>que permita posteriormente depurar responsabilidades e iniciar, en su caso, los correspondientes expedientes disciplinarios conforme al Estatuto B\u00e1sico del Empleado P\u00fablico<\/strong>. \u00abEst\u00e1 claro que las normas no se est\u00e1n cumpliendo, pero de momento nadie ha asumido la responsabilidad cuando existen unos reglamentos claros. Por eso <strong>cuando una administraci\u00f3n se enroca en el silencio como hace reiterada y sistem\u00e1ticamente la Diputaci\u00f3n Provincial de C\u00e1diz, la v\u00eda judicial puede ser necesaria<\/strong> para depurarlas\u00bb, finalizaron.<\/p>\n","protected":false},"excerpt":{"rendered":"<div class=\"mh-excerpt\"><p>En estos d\u00edas, siguiendo los protocolos aprobados por la Junta Directiva de la Asociaci\u00f3n Defensa Ciudadana Activa, se ha procedido a remitir cuatro reclamaciones al <a class=\"mh-excerpt-more\" href=\"https:\/\/democraciaactiva.eu\/?p=1587\" title=\"Piden transparencia a la Diputaci\u00f3n Provincial de C\u00e1diz\">[&#8230;]<\/a><\/p>\n<\/div>","protected":false},"author":1,"featured_media":1590,"comment_status":"closed","ping_status":"open","sticky":false,"template":"","format":"standard","meta":[],"categories":[8,19],"tags":[],"_links":{"self":[{"href":"https:\/\/democraciaactiva.eu\/index.php?rest_route=\/wp\/v2\/posts\/1587"}],"collection":[{"href":"https:\/\/democraciaactiva.eu\/index.php?rest_route=\/wp\/v2\/posts"}],"about":[{"href":"https:\/\/democraciaactiva.eu\/index.php?rest_route=\/wp\/v2\/types\/post"}],"author":[{"embeddable":true,"href":"https:\/\/democraciaactiva.eu\/index.php?rest_route=\/wp\/v2\/users\/1"}],"replies":[{"embeddable":true,"href":"https:\/\/democraciaactiva.eu\/index.php?rest_route=%2Fwp%2Fv2%2Fcomments&post=1587"}],"version-history":[{"count":0,"href":"https:\/\/democraciaactiva.eu\/index.php?rest_route=\/wp\/v2\/posts\/1587\/revisions"}],"wp:featuredmedia":[{"embeddable":true,"href":"https:\/\/democraciaactiva.eu\/index.php?rest_route=\/"}],"wp:attachment":[{"href":"https:\/\/democraciaactiva.eu\/index.php?rest_route=%2Fwp%2Fv2%2Fmedia&parent=1587"}],"wp:term":[{"taxonomy":"category","embeddable":true,"href":"https:\/\/democraciaactiva.eu\/index.php?rest_route=%2Fwp%2Fv2%2Fcategories&post=1587"},{"taxonomy":"post_tag","embeddable":true,"href":"https:\/\/democraciaactiva.eu\/index.php?rest_route=%2Fwp%2Fv2%2Ftags&post=1587"}],"curies":[{"name":"wp","href":"https:\/\/api.w.org\/{rel}","templated":true}]}}