{"id":1581,"date":"2018-04-21T22:18:10","date_gmt":"2018-04-21T20:18:10","guid":{"rendered":"http:\/\/democraciaactiva.eu\/?p=1581"},"modified":"2018-04-21T22:18:10","modified_gmt":"2018-04-21T20:18:10","slug":"transparencia-resuelve-nuevamente-contra-jimena-de-la-frontera","status":"publish","type":"post","link":"https:\/\/democraciaactiva.eu\/?p=1581","title":{"rendered":"Transparencia resuelve nuevamente contra Jimena de la Frontera"},"content":{"rendered":"<p style=\"text-align: justify;\">En estos d\u00edas <strong>el Consejo de Transparencia de Andaluc\u00eda ha resuelto nuevamente una reclamaci\u00f3n contra el Ayuntamiento de Jimena de la Frontera<\/strong> (C\u00e1diz), por negar a ciudadanos la informaci\u00f3n solicitada.<\/p>\n<p style=\"text-align: justify;\">Como en ocasiones anteriores, los afectados iniciaron la reclamaci\u00f3n ante la falta de respuesta de la administraci\u00f3n local, aunque en esta ocasi\u00f3n el Consistorio s\u00ed ha contestado al parecer al Consejo de Transparencia.<a href=\"https:\/\/democraciaactiva.eu\/wp-content\/uploads\/2018\/04\/CTPD1.jpg\"><img decoding=\"async\" loading=\"lazy\" class=\"aligncenter wp-image-1583 size-medium\" src=\"https:\/\/democraciaactiva.eu\/wp-content\/uploads\/2018\/04\/CTPD1-220x300.jpg\" alt=\"\" width=\"220\" height=\"300\" \/><\/a><a href=\"https:\/\/democraciaactiva.eu\/wp-content\/uploads\/2018\/04\/CTPD2.jpg\"><img decoding=\"async\" loading=\"lazy\" class=\"aligncenter wp-image-1584 size-medium\" src=\"https:\/\/democraciaactiva.eu\/wp-content\/uploads\/2018\/04\/CTPD2-298x300.jpg\" alt=\"\" width=\"298\" height=\"300\" \/><\/a><\/p>\n<p style=\"text-align: justify;\">Aunque se desconoce si la administraci\u00f3n local ha enviado al Consejo de Transparencia la documentaci\u00f3n solicitada, <strong>desde la instituci\u00f3n auton\u00f3mica se le ha recordado que ese no es el procedimiento previsto legalmente, siendo su obligaci\u00f3n remitir la documentaci\u00f3n directamente al interesado<\/strong>, por lo que en su resoluci\u00f3n le otorga un plazo de 15 d\u00edas para cumplir la Ley.<a href=\"https:\/\/democraciaactiva.eu\/wp-content\/uploads\/2018\/04\/CTPD3.jpg\"><img decoding=\"async\" loading=\"lazy\" class=\"aligncenter size-medium wp-image-1585\" src=\"https:\/\/democraciaactiva.eu\/wp-content\/uploads\/2018\/04\/CTPD3-258x300.jpg\" alt=\"\" width=\"258\" height=\"300\" \/><\/a><\/p>\n<p style=\"text-align: justify;\">Una vez se reciba dicha documentaci\u00f3n <strong>existe la posibilidad de que\u00a0la reclamaci\u00f3n pase al estado de denuncia<\/strong>, como en ocasiones anteriores, dado que la contestaci\u00f3n no inclu\u00eda la documentaci\u00f3n solicitada.<\/p>\n<p style=\"text-align: justify;\">Por ello debemos resaltar la falta de informaci\u00f3n de las administraciones locales sobre el tratamiento que deben dar a las peticiones de documentaci\u00f3n de los ciudadanos, y sobre todo los <strong>errores m\u00e1s comunes:<\/strong><\/p>\n<p style=\"text-align: justify;\">1.- <strong>Se debe contestar a los ciudadanos en tiempo y forma<\/strong>, no guardar las peticiones hasta que llegan resoluciones del Consejo de Transparencia obligando a mayor burocracia y haciendo perder el tiempo a los ciudadanos.<\/p>\n<p style=\"text-align: justify;\">2.- <strong>La informaci\u00f3n debe remitirse directamente a los ciudadanos<\/strong>, no al Consejo de Transparencia, ya que \u00e9ste s\u00f3lo vela porque se cumple la norma, no hace de intermediario entre administraci\u00f3n y ciudadano.<\/p>\n<p style=\"text-align: justify;\">3.- <strong>La documentaci\u00f3n remitida debe corresponder con lo solicitado<\/strong>, no siendo v\u00e1lidos escritos o informes posteriores creados ad hoc para evitar dar la informaci\u00f3n solicitada.<\/p>\n<p style=\"text-align: justify;\">Aunque el caso de Jimena de la Frontera no es desgraciadamente \u00fanico ni mucho menos, ha servido como ejemplo cometiendo los tres errores sucesivamente, lo cual entendemos demuestra <strong>falta de experiencia con la normativa de transparencia y de comunicaci\u00f3n con la ciudadan\u00eda<\/strong>, eligiendo dirigirse al Consejo de Transparencia antes que contestar a los interesados.<\/p>\n<p>El resultado, como no pod\u00eda ser otro, ha sido una nueva resoluci\u00f3n en contra, que en el mejor de los casos esperamos sirva como experiencia para que en el futuro se eviten estos errores.<\/p>\n<p>Por \u00faltimo, debemos recordar al no ser \u00e9sta la primera resoluci\u00f3n que la reiterada falta de contestaci\u00f3n a peticiones de informaci\u00f3n p\u00fablica, as\u00ed como la falta de colaboraci\u00f3n en la tramitaci\u00f3n de la reclamaci\u00f3n, podr\u00edan ser motivo de sanci\u00f3n como infracci\u00f3n grave, como tambi\u00e9n lo ser\u00eda remitir informaci\u00f3n que no corresponde al \u00abprincipio de veracidad\u00bb.<a href=\"https:\/\/democraciaactiva.eu\/wp-content\/uploads\/2018\/04\/CTPD4.jpg\" target=\"_blank\" rel=\"noopener\"><img decoding=\"async\" loading=\"lazy\" class=\"aligncenter wp-image-1582 size-full\" src=\"https:\/\/democraciaactiva.eu\/wp-content\/uploads\/2018\/04\/CTPD4.jpg\" alt=\"\" width=\"944\" height=\"133\" \/><\/a> <\/p>\n","protected":false},"excerpt":{"rendered":"<div class=\"mh-excerpt\"><p>En estos d\u00edas el Consejo de Transparencia de Andaluc\u00eda ha resuelto nuevamente una reclamaci\u00f3n contra el Ayuntamiento de Jimena de la Frontera (C\u00e1diz), por negar <a class=\"mh-excerpt-more\" href=\"https:\/\/democraciaactiva.eu\/?p=1581\" title=\"Transparencia resuelve nuevamente contra Jimena de la Frontera\">[&#8230;]<\/a><\/p>\n<\/div>","protected":false},"author":1,"featured_media":1585,"comment_status":"closed","ping_status":"open","sticky":false,"template":"","format":"standard","meta":[],"categories":[5,19],"tags":[],"_links":{"self":[{"href":"https:\/\/democraciaactiva.eu\/index.php?rest_route=\/wp\/v2\/posts\/1581"}],"collection":[{"href":"https:\/\/democraciaactiva.eu\/index.php?rest_route=\/wp\/v2\/posts"}],"about":[{"href":"https:\/\/democraciaactiva.eu\/index.php?rest_route=\/wp\/v2\/types\/post"}],"author":[{"embeddable":true,"href":"https:\/\/democraciaactiva.eu\/index.php?rest_route=\/wp\/v2\/users\/1"}],"replies":[{"embeddable":true,"href":"https:\/\/democraciaactiva.eu\/index.php?rest_route=%2Fwp%2Fv2%2Fcomments&post=1581"}],"version-history":[{"count":0,"href":"https:\/\/democraciaactiva.eu\/index.php?rest_route=\/wp\/v2\/posts\/1581\/revisions"}],"wp:featuredmedia":[{"embeddable":true,"href":"https:\/\/democraciaactiva.eu\/index.php?rest_route=\/"}],"wp:attachment":[{"href":"https:\/\/democraciaactiva.eu\/index.php?rest_route=%2Fwp%2Fv2%2Fmedia&parent=1581"}],"wp:term":[{"taxonomy":"category","embeddable":true,"href":"https:\/\/democraciaactiva.eu\/index.php?rest_route=%2Fwp%2Fv2%2Fcategories&post=1581"},{"taxonomy":"post_tag","embeddable":true,"href":"https:\/\/democraciaactiva.eu\/index.php?rest_route=%2Fwp%2Fv2%2Ftags&post=1581"}],"curies":[{"name":"wp","href":"https:\/\/api.w.org\/{rel}","templated":true}]}}