{"id":1576,"date":"2018-04-20T11:10:02","date_gmt":"2018-04-20T09:10:02","guid":{"rendered":"http:\/\/democraciaactiva.eu\/?p=1576"},"modified":"2018-04-20T11:10:02","modified_gmt":"2018-04-20T09:10:02","slug":"el-hospital-de-la-linea-podria-carecer-de-licencia-de-obras","status":"publish","type":"post","link":"https:\/\/democraciaactiva.eu\/?p=1576","title":{"rendered":"El Hospital de La L\u00ednea podr\u00eda carecer de licencia de obras."},"content":{"rendered":"<p style=\"text-align: justify;\">Tras pedir informaci\u00f3n meses atr\u00e1s sobre las infracciones de la normativa de accesibilidad en el nuevo Hospital de La L\u00ednea, inaugurado parcialmente hace unos meses, el Ayuntamiento de La L\u00ednea no ha facilitado informaci\u00f3n al respecto. Sin embargo s\u00ed lo ha hecho la Junta de Andaluc\u00eda, <strong>justificando los incumplimientos del Decreto 293\/2009 en la fecha de la licencia de obras, del a\u00f1o 2.008, anterior a dicha normativa.<\/strong><a href=\"https:\/\/democraciaactiva.eu\/wp-content\/uploads\/2018\/03\/Panoechargota.jpg\"><img decoding=\"async\" loading=\"lazy\" class=\"aligncenter size-medium wp-image-1522\" src=\"https:\/\/democraciaactiva.eu\/wp-content\/uploads\/2018\/03\/Panoechargota-300x287.jpg\" alt=\"\" width=\"300\" height=\"287\" \/><\/a><\/p>\n<p style=\"text-align: justify;\">Esta excusa resulta llamativa porque significar\u00eda que durante una d\u00e9cada no han renovado la licencia de obras, que conforme al art. 22 del Decreto 60\/2010, por el que se aprueba el Reglamento de Disciplina Urban\u00edstica de la Comunidad Aut\u00f3noma de Andaluc\u00eda, <strong>la licencia de obras tendr\u00eda una validez muy inferior<\/strong>, por lo que la nueva licencia a otorgar ya s\u00ed deber\u00eda tener en cuenta la normativa actual.<a href=\"https:\/\/democraciaactiva.eu\/wp-content\/uploads\/2018\/03\/Seguimos.jpg\"><img decoding=\"async\" loading=\"lazy\" class=\"aligncenter size-medium wp-image-1523\" src=\"https:\/\/democraciaactiva.eu\/wp-content\/uploads\/2018\/03\/Seguimos-300x229.jpg\" alt=\"\" width=\"300\" height=\"229\" \/><\/a><\/p>\n<p style=\"text-align: justify;\">Adem\u00e1s la administraci\u00f3n auton\u00f3mica interpreta que las normas sobre vados para personas con discapacidad, que obligan a usar diferentes colores en la soler\u00eda de acceso, pueden sustituirse por \u00abdistintos tonos\u00bb, aunque a juicio de DCA \u00abhabr\u00e1 que preguntar qu\u00e9 tonalidades han utilizado, porque nosotros los vemos iguales. Es s\u00f3lo <strong>una excusa m\u00e1s para una chapucera ejecuci\u00f3n<\/strong>\u00ab.<a href=\"https:\/\/democraciaactiva.eu\/wp-content\/uploads\/2018\/03\/Acerado.jpg\"><img decoding=\"async\" loading=\"lazy\" class=\"aligncenter size-medium wp-image-1525\" src=\"https:\/\/democraciaactiva.eu\/wp-content\/uploads\/2018\/03\/Acerado-169x300.jpg\" alt=\"\" width=\"169\" height=\"300\" \/><\/a><\/p>\n<p style=\"text-align: justify;\">\u00ab<strong>No es de recibo que una administraci\u00f3n p\u00fablica juegue con las normas de esta forma<\/strong>, primero haciendo esperar a los ciudadanos una d\u00e9cada para una infraestructura tan importante como un Hospital, y luego justificando los incumplimientos porque no ha renovado la licencia de obras y por ello se considera con derecho a saltarse la normativa de hace una d\u00e9cada. <strong>\u00bfPara qu\u00e9 han aprobado tantas normas en los \u00faltimos a\u00f1os si no las van a cumplir?<\/strong>\u00ab, se preguntaban desde DCA.<\/p>\n<p style=\"text-align: justify;\">La Asociaci\u00f3n espera la documentaci\u00f3n solicitada, y sobre todo que se pronuncie el Ayuntamiento de la L\u00ednea de la Concepci\u00f3n que parece no tener inter\u00e9s en el asunto, antes de iniciar las acciones oportunas. \u00abM\u00e1s all\u00e1 de las puramente administrativas, <strong>si se constatan incumplimientos tan graves que han permitido la creaci\u00f3n de barreras arquitect\u00f3nicas con dinero p\u00fablico, remitiremos nuestro informe a la Fiscal\u00eda<\/strong> a los efectos oportunos\u00bb, denunciaron.<\/p>\n<p style=\"text-align: justify;\">Por \u00faltimo la Asociaci\u00f3n inform\u00f3 que ha puesto en conocimiento de la Polic\u00eda Local los datos obtenidos a efectos de que, dentro de sus competencias en disciplina urban\u00edstica, puedan comprobar la existencia o no de licencia de obras v\u00e1lida, de modo que pueda incorporarse el contenido de estas comprobaciones al expediente.<\/p>\n","protected":false},"excerpt":{"rendered":"<div class=\"mh-excerpt\"><p>Tras pedir informaci\u00f3n meses atr\u00e1s sobre las infracciones de la normativa de accesibilidad en el nuevo Hospital de La L\u00ednea, inaugurado parcialmente hace unos meses, <a class=\"mh-excerpt-more\" href=\"https:\/\/democraciaactiva.eu\/?p=1576\" title=\"El Hospital de La L\u00ednea podr\u00eda carecer de licencia de obras.\">[&#8230;]<\/a><\/p>\n<\/div>","protected":false},"author":1,"featured_media":1522,"comment_status":"closed","ping_status":"open","sticky":false,"template":"","format":"standard","meta":[],"categories":[3,5],"tags":[],"_links":{"self":[{"href":"https:\/\/democraciaactiva.eu\/index.php?rest_route=\/wp\/v2\/posts\/1576"}],"collection":[{"href":"https:\/\/democraciaactiva.eu\/index.php?rest_route=\/wp\/v2\/posts"}],"about":[{"href":"https:\/\/democraciaactiva.eu\/index.php?rest_route=\/wp\/v2\/types\/post"}],"author":[{"embeddable":true,"href":"https:\/\/democraciaactiva.eu\/index.php?rest_route=\/wp\/v2\/users\/1"}],"replies":[{"embeddable":true,"href":"https:\/\/democraciaactiva.eu\/index.php?rest_route=%2Fwp%2Fv2%2Fcomments&post=1576"}],"version-history":[{"count":0,"href":"https:\/\/democraciaactiva.eu\/index.php?rest_route=\/wp\/v2\/posts\/1576\/revisions"}],"wp:featuredmedia":[{"embeddable":true,"href":"https:\/\/democraciaactiva.eu\/index.php?rest_route=\/"}],"wp:attachment":[{"href":"https:\/\/democraciaactiva.eu\/index.php?rest_route=%2Fwp%2Fv2%2Fmedia&parent=1576"}],"wp:term":[{"taxonomy":"category","embeddable":true,"href":"https:\/\/democraciaactiva.eu\/index.php?rest_route=%2Fwp%2Fv2%2Fcategories&post=1576"},{"taxonomy":"post_tag","embeddable":true,"href":"https:\/\/democraciaactiva.eu\/index.php?rest_route=%2Fwp%2Fv2%2Ftags&post=1576"}],"curies":[{"name":"wp","href":"https:\/\/api.w.org\/{rel}","templated":true}]}}