{"id":1569,"date":"2018-03-16T14:16:04","date_gmt":"2018-03-16T12:16:04","guid":{"rendered":"http:\/\/democraciaactiva.eu\/?p=1569"},"modified":"2018-03-16T14:16:04","modified_gmt":"2018-03-16T12:16:04","slug":"transparencia-inadmite-reclamacion-sobre-jimena-a-pesar-de-los-incumplimientos","status":"publish","type":"post","link":"https:\/\/democraciaactiva.eu\/?p=1569","title":{"rendered":"Transparencia inadmite reclamaci\u00f3n sobre Jimena a pesar de los incumplimientos."},"content":{"rendered":"<p style=\"text-align: justify;\">D\u00edas despu\u00e9s de remitir resoluci\u00f3n sobre acceso a informaci\u00f3n p\u00fablica sobre el Ayuntamiento de Jimena de la Frontera, el Consejo de Transparencia de Andaluc\u00eda ha acordado inadmitir otra petici\u00f3n similar por el matiz de la Disposici\u00f3n Adicional Cuarta de la Ley de Transparencia de Andaluc\u00eda.<a href=\"https:\/\/democraciaactiva.eu\/wp-content\/uploads\/2018\/03\/fcc5788aeeb84fed9189893a0d561da0.jpg\"><img decoding=\"async\" loading=\"lazy\" class=\"aligncenter size-medium wp-image-1570\" src=\"https:\/\/democraciaactiva.eu\/wp-content\/uploads\/2018\/03\/fcc5788aeeb84fed9189893a0d561da0-300x259.jpg\" alt=\"\" width=\"300\" height=\"259\" \/><\/a><\/p>\n<p style=\"text-align: justify;\">En su resoluci\u00f3n el Consejo de Transparencia expone que, <strong>aunque\u00a0 la reclamaci\u00f3n fue presentada ante el silencio absoluto del Ayuntamiento, y tampoco contest\u00f3 al requerimiento del Consejo<\/strong>, el reclamante ostentaba la condici\u00f3n de interesado, por afectar a un expediente administrativo en tr\u00e1mite.<a href=\"https:\/\/democraciaactiva.eu\/wp-content\/uploads\/2018\/03\/437f0ff86b471cd431e0fbce6a406f4a.jpg\"><img decoding=\"async\" loading=\"lazy\" class=\"aligncenter size-medium wp-image-1571\" src=\"https:\/\/democraciaactiva.eu\/wp-content\/uploads\/2018\/03\/437f0ff86b471cd431e0fbce6a406f4a-300x200.jpg\" alt=\"\" width=\"300\" height=\"200\" \/><\/a><\/p>\n<p style=\"text-align: justify;\">La aplicaci\u00f3n de esta Disposici\u00f3n <strong>reduce los derechos de los interesados en los expedientes<\/strong>, de modo que en casos como \u00e9ste de Jimena de la Frontera, ante el rodillo del silencio de la administraci\u00f3n, no tiene derecho de informaci\u00f3n por esta v\u00eda. Ello obligar\u00eda a procedimientos contencioso-administrativo para reclamar su leg\u00edtimo derecho a la informaci\u00f3n, que normalmente no se ejercita por el coste econ\u00f3mico y de tiempo que conlleva.<\/p>\n<p style=\"text-align: justify;\">En el expediente concreto, tras analizar la cantidad de informaci\u00f3n que no se ha facilitado al interesado, se solicitar\u00e1n determinados documentos desde esta Asociaci\u00f3n, <strong>pudiendo de esta forma al no ser interesada directa reclamar al Consejo de Transparencia en el caso de que persista el silencio administrativo<\/strong>. \u00abAunque ser\u00eda preferible que las administraciones p\u00fablicas no abusaran del silencio y contestaran a los interesados, estad\u00edsticamente no suele ser as\u00ed, por lo que <strong>la ciudadan\u00eda debe buscar las formas de sortear las barreras que les impongan<\/strong>, como en este caso el silencio administrativo tras casi un a\u00f1o. La intervenci\u00f3n de terceros para conseguir la transparencia en los procedimientos puede de esta forma evitar el efecto de esta Disposici\u00f3n Adicional Cuarta\u00bb.<\/p>\n<p style=\"text-align: justify;\">Adem\u00e1s, el incumplimiento sistem\u00e1tico por parte de este Ayuntamiento -como de casi todos, por otro lado- de su obligaci\u00f3n conforme al art. 21.4, al no informar a los interesados de los plazos y efectos del silencio administrativo,<strong> podr\u00eda llevar a una reclamaci\u00f3n ante el Defensor del Pueblo de Andaluc\u00eda<\/strong>.<\/p>\n<p style=\"text-align: justify;\">\u00abYa tuvimos en su momento resoluciones favorables respecto a otras administraciones locales que nunca contestaban, y el efecto ha sido positivo ya que aunque con retrasos al menos hay respuestas. Por ello nos planteamos remitir los expedientes abiertos con esta administraci\u00f3n por la misma v\u00eda, esperando que comprendan que <strong>no se puede mantener el silencio administrativo como forma de trabajo permanente<\/strong>\u00ab, criticaron.<\/p>\n<p style=\"text-align: justify;\">Al respecto <strong>recordaron el caso de San Roque<\/strong>, donde el Defensor del Pueblo lleg\u00f3 a informar que la continuada falta de respuesta podr\u00eda <a href=\"https:\/\/democraciaactiva.eu\/?p=1020\">ser objeto incluso de reproche penal<\/a>.<a href=\"https:\/\/democraciaactiva.eu\/wp-content\/uploads\/2015\/09\/Defensor-200915.jpg\"><img decoding=\"async\" loading=\"lazy\" class=\"aligncenter size-medium wp-image-1021\" src=\"https:\/\/democraciaactiva.eu\/wp-content\/uploads\/2015\/09\/Defensor-200915-237x300.jpg\" alt=\"\" width=\"237\" height=\"300\" \/><\/a><\/p>\n<p style=\"text-align: justify;\">Respecto a la responsabilidad de esta forma de actuar de las administraciones, a juicio de DCA \u00abaunque cada caso es distinto, no podemos suponer a priori que se deben a \u00f3rdenes de los gobernantes para archivar las peticiones en la papelera m\u00e1s cercana, posiblemente se debido m\u00e1s a falta de organizaci\u00f3n de los departamentos. No obstante, una vez que se ha puesto en su conocimiento de forma clara, <strong>si no hay medidas, se repite la situaci\u00f3n, y sigue sin haber responsables, nuestro protocolo cambia<\/strong> porque habr\u00eda una clara responsabilidad pol\u00edtica\u00bb, finalizaron.<\/p>\n<p>&nbsp; <\/p>\n","protected":false},"excerpt":{"rendered":"<div class=\"mh-excerpt\"><p>D\u00edas despu\u00e9s de remitir resoluci\u00f3n sobre acceso a informaci\u00f3n p\u00fablica sobre el Ayuntamiento de Jimena de la Frontera, el Consejo de Transparencia de Andaluc\u00eda ha <a class=\"mh-excerpt-more\" href=\"https:\/\/democraciaactiva.eu\/?p=1569\" title=\"Transparencia inadmite reclamaci\u00f3n sobre Jimena a pesar de los incumplimientos.\">[&#8230;]<\/a><\/p>\n<\/div>","protected":false},"author":1,"featured_media":1571,"comment_status":"closed","ping_status":"open","sticky":false,"template":"","format":"standard","meta":[],"categories":[6,8,19],"tags":[],"_links":{"self":[{"href":"https:\/\/democraciaactiva.eu\/index.php?rest_route=\/wp\/v2\/posts\/1569"}],"collection":[{"href":"https:\/\/democraciaactiva.eu\/index.php?rest_route=\/wp\/v2\/posts"}],"about":[{"href":"https:\/\/democraciaactiva.eu\/index.php?rest_route=\/wp\/v2\/types\/post"}],"author":[{"embeddable":true,"href":"https:\/\/democraciaactiva.eu\/index.php?rest_route=\/wp\/v2\/users\/1"}],"replies":[{"embeddable":true,"href":"https:\/\/democraciaactiva.eu\/index.php?rest_route=%2Fwp%2Fv2%2Fcomments&post=1569"}],"version-history":[{"count":0,"href":"https:\/\/democraciaactiva.eu\/index.php?rest_route=\/wp\/v2\/posts\/1569\/revisions"}],"wp:featuredmedia":[{"embeddable":true,"href":"https:\/\/democraciaactiva.eu\/index.php?rest_route=\/"}],"wp:attachment":[{"href":"https:\/\/democraciaactiva.eu\/index.php?rest_route=%2Fwp%2Fv2%2Fmedia&parent=1569"}],"wp:term":[{"taxonomy":"category","embeddable":true,"href":"https:\/\/democraciaactiva.eu\/index.php?rest_route=%2Fwp%2Fv2%2Fcategories&post=1569"},{"taxonomy":"post_tag","embeddable":true,"href":"https:\/\/democraciaactiva.eu\/index.php?rest_route=%2Fwp%2Fv2%2Ftags&post=1569"}],"curies":[{"name":"wp","href":"https:\/\/api.w.org\/{rel}","templated":true}]}}