{"id":1559,"date":"2018-03-16T11:32:38","date_gmt":"2018-03-16T09:32:38","guid":{"rendered":"http:\/\/democraciaactiva.eu\/?p=1559"},"modified":"2018-03-16T11:32:38","modified_gmt":"2018-03-16T09:32:38","slug":"el-ayuntamiento-de-algeciras-tarda-5-anos-en-indemnizar-a-los-ciudadanos","status":"publish","type":"post","link":"https:\/\/democraciaactiva.eu\/?p=1559","title":{"rendered":"El Ayuntamiento de Algeciras tarda 5 a\u00f1os en indemnizar a los ciudadanos."},"content":{"rendered":"<p style=\"text-align: justify;\">Que un procedimiento se clasifique como \u00ababreviado\u00bb por lo visto no es signo de rapidez. As\u00ed ha debido pensar el afectado por una <strong>retirada incorrecta de su veh\u00edculo en 2.013<\/strong>, que ha tardado cinco a\u00f1os en recuperar su dinero.<\/p>\n<p style=\"text-align: justify;\">El afectado dej\u00f3 su veh\u00edculo correctamente estacionado en el Paseo Mar\u00edtimo de Algeciras (C\u00e1diz) en el a\u00f1o 2.013, mientras se ausentaba unas semanas al norte de Espa\u00f1a. En ese intervalo la administraci\u00f3n local decidi\u00f3 realizar unos trabajos en la v\u00eda, colocando unas se\u00f1ales temporales de prohibici\u00f3n de estacionamiento.<\/p>\n<p style=\"text-align: justify;\">Pasados unos d\u00edas, sin que nadie comunicara al propietario del veh\u00edculo la colocaci\u00f3n de esas se\u00f1ales, <strong>la gr\u00faa municipal procedi\u00f3 a retirarlo, adem\u00e1s de tramitar la Polic\u00eda Local una denuncia por estacionamiento en zona prohibida<\/strong>.<\/p>\n<p style=\"text-align: justify;\">L\u00f3gicamente al regreso la sorpresa del afectado fue may\u00fascula, debiendo abonar el importe de la gr\u00faa\u00a0 para recuperar su veh\u00edculo, cuya devoluci\u00f3n se solicitar\u00eda despu\u00e9s, y recurriendo la sanci\u00f3n por estacionamiento indebido.<\/p>\n<p style=\"text-align: justify;\">La primera respuesta de la administraci\u00f3n, como suele ocurrir, fue con un <strong>\u00abformato tipo\u00bb<\/strong>, exponiendo a su manera que \u00abhab\u00eda se\u00f1al de prohibido estacionar\u00bb, <strong>sin referirse en momento alguno a las alegaciones presentadas<\/strong> ni tener en cuenta que cuando se instalaron el veh\u00edculo ya se encontraba all\u00ed y nadie advirti\u00f3 al propietario durante d\u00edas.<a href=\"https:\/\/democraciaactiva.eu\/wp-content\/uploads\/2018\/03\/Multa1.jpg\"><img decoding=\"async\" loading=\"lazy\" class=\"aligncenter size-medium wp-image-1565\" src=\"https:\/\/democraciaactiva.eu\/wp-content\/uploads\/2018\/03\/Multa1-214x300.jpg\" alt=\"\" width=\"214\" height=\"300\" \/><\/a><a href=\"https:\/\/democraciaactiva.eu\/wp-content\/uploads\/2018\/03\/Multa2.jpg\"><img decoding=\"async\" loading=\"lazy\" class=\"aligncenter size-medium wp-image-1564\" src=\"https:\/\/democraciaactiva.eu\/wp-content\/uploads\/2018\/03\/Multa2-220x300.jpg\" alt=\"\" width=\"220\" height=\"300\" \/><\/a><\/p>\n<p style=\"text-align: justify;\">En estos casos, lamentablemente demasiado habituales, aconsejamos igualmente la respuesta tipo marcada en nuestro protocolo: Entendiendo que el funcionario est\u00e1 dando lugar a una clara situaci\u00f3n injusta (por no tener en cuenta las circunstancias concretas del caso) y a sabiendas (porque se le presume capacidad y formaci\u00f3n para su puesto), <strong>se presenta denuncia por prevaricaci\u00f3n contra \u00e9ste conforme a la legislaci\u00f3n vigente, y se notifica a efectos de su recusaci\u00f3n con el siguiente recurso de alzada.<\/strong><a href=\"https:\/\/democraciaactiva.eu\/wp-content\/uploads\/2018\/03\/6c7348f7dc3403cdb9b08659f01de88f.jpg\"><img decoding=\"async\" loading=\"lazy\" class=\"aligncenter size-medium wp-image-1563\" src=\"https:\/\/democraciaactiva.eu\/wp-content\/uploads\/2018\/03\/6c7348f7dc3403cdb9b08659f01de88f-210x300.jpg\" alt=\"\" width=\"210\" height=\"300\" \/><\/a><a href=\"https:\/\/democraciaactiva.eu\/wp-content\/uploads\/2018\/03\/Recurso1.jpg\"><img decoding=\"async\" loading=\"lazy\" class=\"aligncenter size-medium wp-image-1562\" src=\"https:\/\/democraciaactiva.eu\/wp-content\/uploads\/2018\/03\/Recurso1-192x300.jpg\" alt=\"\" width=\"192\" height=\"300\" \/><\/a><a href=\"https:\/\/democraciaactiva.eu\/wp-content\/uploads\/2018\/03\/Recurso2.jpg\"><img decoding=\"async\" loading=\"lazy\" class=\"aligncenter size-medium wp-image-1561\" src=\"https:\/\/democraciaactiva.eu\/wp-content\/uploads\/2018\/03\/Recurso2-300x289.jpg\" alt=\"\" width=\"300\" height=\"289\" \/><\/a><\/p>\n<p style=\"text-align: justify;\">Ello suele llevar a las administraciones a <strong>prestar algo m\u00e1s de atenci\u00f3n a los expedientes, a leer las alegaciones y dejar de contestar con \u00abformatos tipo\u00bb<\/strong>, respondiendo ya de forma m\u00e1s coherente a lo solicitado. En esta ocasi\u00f3n, se inicia procedimiento abreviado, <strong>reconociendo la responsabilidad del mal funcionamiento del servicio de gr\u00faa municipal<\/strong>, para la devoluci\u00f3n de los gastos.<a href=\"https:\/\/democraciaactiva.eu\/wp-content\/uploads\/2018\/03\/Decreto-Algeciras.jpg\"><img decoding=\"async\" loading=\"lazy\" class=\"aligncenter size-medium wp-image-1567\" src=\"https:\/\/democraciaactiva.eu\/wp-content\/uploads\/2018\/03\/Decreto-Algeciras-199x300.jpg\" alt=\"\" width=\"199\" height=\"300\" \/><\/a> <a href=\"https:\/\/democraciaactiva.eu\/wp-content\/uploads\/2018\/03\/Decreto-Algeciras-2.jpg\"><img decoding=\"async\" loading=\"lazy\" class=\"aligncenter size-medium wp-image-1566\" src=\"https:\/\/democraciaactiva.eu\/wp-content\/uploads\/2018\/03\/Decreto-Algeciras-2-198x300.jpg\" alt=\"\" width=\"198\" height=\"300\" \/><\/a><\/p>\n<p style=\"text-align: justify;\">A\u00fan as\u00ed, al parecer el Ayuntamiento \u00abno tiene presupuesto\u00bb, y se<strong> debe esperar unos a\u00f1os m\u00e1s para que exista una partida presupuestaria suficiente<\/strong> (para 122 euros). Todo un ejemplo de c\u00f3mo funciona la maquinaria de las AAPP cuando se trata de pagar y no de cobrar.<a href=\"https:\/\/democraciaactiva.eu\/wp-content\/uploads\/2018\/03\/Pago.jpeg\"><img decoding=\"async\" loading=\"lazy\" class=\"aligncenter size-medium wp-image-1560\" src=\"https:\/\/democraciaactiva.eu\/wp-content\/uploads\/2018\/03\/Pago-300x144.jpeg\" alt=\"\" width=\"300\" height=\"144\" \/><\/a><\/p>\n<p style=\"text-align: justify;\">Finalmente, en marzo de 2.018, casi <strong>5 a\u00f1os despu\u00e9s del incidente, el Ayuntamiento de Algeciras transfiere la cantidad reclamada al afectado<\/strong>. En estos casos el afectado puede solicitar adem\u00e1s los intereses de demora, aunque probablemente visto el funcionamiento de este Ayuntamiento deba esperar otros cinco a\u00f1os a cobrarlos.<\/p>\n<p>&nbsp; <\/p>\n","protected":false},"excerpt":{"rendered":"<div class=\"mh-excerpt\"><p>Que un procedimiento se clasifique como \u00ababreviado\u00bb por lo visto no es signo de rapidez. As\u00ed ha debido pensar el afectado por una retirada incorrecta <a class=\"mh-excerpt-more\" href=\"https:\/\/democraciaactiva.eu\/?p=1559\" title=\"El Ayuntamiento de Algeciras tarda 5 a\u00f1os en indemnizar a los ciudadanos.\">[&#8230;]<\/a><\/p>\n<\/div>","protected":false},"author":1,"featured_media":1566,"comment_status":"closed","ping_status":"open","sticky":false,"template":"","format":"standard","meta":[],"categories":[5,6,8],"tags":[],"_links":{"self":[{"href":"https:\/\/democraciaactiva.eu\/index.php?rest_route=\/wp\/v2\/posts\/1559"}],"collection":[{"href":"https:\/\/democraciaactiva.eu\/index.php?rest_route=\/wp\/v2\/posts"}],"about":[{"href":"https:\/\/democraciaactiva.eu\/index.php?rest_route=\/wp\/v2\/types\/post"}],"author":[{"embeddable":true,"href":"https:\/\/democraciaactiva.eu\/index.php?rest_route=\/wp\/v2\/users\/1"}],"replies":[{"embeddable":true,"href":"https:\/\/democraciaactiva.eu\/index.php?rest_route=%2Fwp%2Fv2%2Fcomments&post=1559"}],"version-history":[{"count":0,"href":"https:\/\/democraciaactiva.eu\/index.php?rest_route=\/wp\/v2\/posts\/1559\/revisions"}],"wp:featuredmedia":[{"embeddable":true,"href":"https:\/\/democraciaactiva.eu\/index.php?rest_route=\/"}],"wp:attachment":[{"href":"https:\/\/democraciaactiva.eu\/index.php?rest_route=%2Fwp%2Fv2%2Fmedia&parent=1559"}],"wp:term":[{"taxonomy":"category","embeddable":true,"href":"https:\/\/democraciaactiva.eu\/index.php?rest_route=%2Fwp%2Fv2%2Fcategories&post=1559"},{"taxonomy":"post_tag","embeddable":true,"href":"https:\/\/democraciaactiva.eu\/index.php?rest_route=%2Fwp%2Fv2%2Ftags&post=1559"}],"curies":[{"name":"wp","href":"https:\/\/api.w.org\/{rel}","templated":true}]}}