{"id":1551,"date":"2018-03-15T20:05:54","date_gmt":"2018-03-15T18:05:54","guid":{"rendered":"http:\/\/democraciaactiva.eu\/?p=1551"},"modified":"2018-03-15T20:05:54","modified_gmt":"2018-03-15T18:05:54","slug":"en-algeciras-la-itv-no-pasaria-una-inspeccion-en-accesibilidad","status":"publish","type":"post","link":"https:\/\/democraciaactiva.eu\/?p=1551","title":{"rendered":"En Algeciras la ITV no pasar\u00eda una inspecci\u00f3n en accesibilidad."},"content":{"rendered":"<p style=\"text-align: justify;\">Tras una visita reciente, en la que se ha detectado posibles infracciones de las normas de accesibilidad, desde la Asociaci\u00f3n Defensa Ciudadana Activa se ha remitido petici\u00f3n al departamento de Urbanismo de Algeciras con el fin de <strong>comprobar que las instalaciones se ajustan a la documentaci\u00f3n.<\/strong><\/p>\n<p style=\"text-align: justify;\">En principio la petici\u00f3n se ha orientado a comprobar 3 puntos b\u00e1sicos: <strong>la se\u00f1alizaci\u00f3n de las plazas para personas con movilidad reducida (PMR), la accesibilidad de las oficinas que cuentan con un escal\u00f3n de entrada y una estrecha puerta para su \u00fanico acceso, y la accesibilidad del mostrador de atenci\u00f3n al p\u00fablico.<a href=\"https:\/\/democraciaactiva.eu\/wp-content\/uploads\/2018\/03\/2018-03-14-19.12.52.jpg\"><img decoding=\"async\" loading=\"lazy\" class=\"aligncenter size-medium wp-image-1553\" src=\"https:\/\/democraciaactiva.eu\/wp-content\/uploads\/2018\/03\/2018-03-14-19.12.52-169x300.jpg\" alt=\"\" width=\"169\" height=\"300\" \/><\/a><\/strong><\/p>\n<p style=\"text-align: justify;\"><strong>La se\u00f1alizaci\u00f3n incorrecta de las PMR<\/strong> no sorprender\u00eda, ya que en muchas localidades se utilizan se\u00f1ales no homologadas, si no estuvieramos hablando de unas instalaciones donde se trabaja por el cumplimiento de las normas t\u00e9cnicas. El resultado de esta incorrecta se\u00f1alizaci\u00f3n es que luego, si fuera el caso, las posibles denuncias tienen f\u00e1cil recurso porque no cumple la legalidad, no han utilizado se\u00f1ales del cat\u00e1logo oficial de se\u00f1ales que aprueba la administraci\u00f3n.<a href=\"https:\/\/democraciaactiva.eu\/wp-content\/uploads\/2018\/03\/2018-03-14-19.10.27.jpg\"><img decoding=\"async\" loading=\"lazy\" class=\"aligncenter size-medium wp-image-1554\" src=\"https:\/\/democraciaactiva.eu\/wp-content\/uploads\/2018\/03\/2018-03-14-19.10.27-169x300.jpg\" alt=\"\" width=\"169\" height=\"300\" \/><\/a><\/p>\n<p style=\"text-align: justify;\">El acceso a las oficinas es lo que m\u00e1s problemas presenta, ya que da la impresi\u00f3n de que se hubiera construido tras la puesta en marcha de las instalaciones un cerramiento de carpinter\u00eda met\u00e1lica, <strong>cortando actualmente el paso a un paso de peatones que a\u00fan queda se\u00f1alado en el suelo. Adem\u00e1s del escal\u00f3n que se ha dejado en esa entrada<\/strong>, la \u00fanica posible a las oficinas donde hay que preparar la documentaci\u00f3n, la \u00fanica puerta es bastante estrecha, no existiendo plataforma suficiente para facilitar el giro, adem\u00e1s de que la ocupa en parte la propia puerta al abrir.<a href=\"https:\/\/democraciaactiva.eu\/wp-content\/uploads\/2018\/03\/2018-03-14-19.22.18.jpg\"><img decoding=\"async\" loading=\"lazy\" class=\"aligncenter size-medium wp-image-1552\" src=\"https:\/\/democraciaactiva.eu\/wp-content\/uploads\/2018\/03\/2018-03-14-19.22.18-169x300.jpg\" alt=\"\" width=\"169\" height=\"300\" \/><\/a><\/p>\n<p style=\"text-align: justify;\">Por \u00faltimo, si se consigue entrar, llama la atenci\u00f3n que <strong>las m\u00e1quinas para sacar n\u00famero de orden s\u00ed est\u00e1n adaptadas<\/strong>, existiendo una pantalla a altura accesible para una silla de ruedas, <strong>pero el \u00fanico hueco a esa altura del mostrador est\u00e1 inutilizado por carteles, impresoras, y m\u00e1s mobiliario<\/strong> detr\u00e1s que hace imposible su uso.<\/p>\n<p style=\"text-align: justify;\">Por todo ello desde DCA esperan recibir la documentaci\u00f3n solicitada a efectos de comprobar si coincide con lo existente, \u00abaunque <strong>esperamos que antes el departamento de Urbanismo revise la situaci\u00f3n, porque no es nuestra intenci\u00f3n estar permanentemente record\u00e1ndoles la cantidad de infracciones que pasan por alto<\/strong>\u00ab, criticaron.<\/p>\n<p style=\"text-align: justify;\">Desde DCA se record\u00f3 que otros expedientes sobre accesibilidad en Algeciras, como el del Centro Comercial Plaza de Andaluc\u00eda, \u00ab<strong>han sido desviados a pol\u00edticos por motivos que desconocemos, mientras los centros siguen abiertos sin cumplir la legalidad vigente<\/strong>\u00ab, indicaron recordando que su protocolo establece en estos casos la denuncia de la situaci\u00f3n tras identificar a los funcionarios responsables de la paralizaci\u00f3n de los expedientes.<\/p>\n","protected":false},"excerpt":{"rendered":"<div class=\"mh-excerpt\"><p>Tras una visita reciente, en la que se ha detectado posibles infracciones de las normas de accesibilidad, desde la Asociaci\u00f3n Defensa Ciudadana Activa se ha <a class=\"mh-excerpt-more\" href=\"https:\/\/democraciaactiva.eu\/?p=1551\" title=\"En Algeciras la ITV no pasar\u00eda una inspecci\u00f3n en accesibilidad.\">[&#8230;]<\/a><\/p>\n<\/div>","protected":false},"author":1,"featured_media":1552,"comment_status":"closed","ping_status":"open","sticky":false,"template":"","format":"standard","meta":[],"categories":[3,19],"tags":[],"_links":{"self":[{"href":"https:\/\/democraciaactiva.eu\/index.php?rest_route=\/wp\/v2\/posts\/1551"}],"collection":[{"href":"https:\/\/democraciaactiva.eu\/index.php?rest_route=\/wp\/v2\/posts"}],"about":[{"href":"https:\/\/democraciaactiva.eu\/index.php?rest_route=\/wp\/v2\/types\/post"}],"author":[{"embeddable":true,"href":"https:\/\/democraciaactiva.eu\/index.php?rest_route=\/wp\/v2\/users\/1"}],"replies":[{"embeddable":true,"href":"https:\/\/democraciaactiva.eu\/index.php?rest_route=%2Fwp%2Fv2%2Fcomments&post=1551"}],"version-history":[{"count":0,"href":"https:\/\/democraciaactiva.eu\/index.php?rest_route=\/wp\/v2\/posts\/1551\/revisions"}],"wp:featuredmedia":[{"embeddable":true,"href":"https:\/\/democraciaactiva.eu\/index.php?rest_route=\/"}],"wp:attachment":[{"href":"https:\/\/democraciaactiva.eu\/index.php?rest_route=%2Fwp%2Fv2%2Fmedia&parent=1551"}],"wp:term":[{"taxonomy":"category","embeddable":true,"href":"https:\/\/democraciaactiva.eu\/index.php?rest_route=%2Fwp%2Fv2%2Fcategories&post=1551"},{"taxonomy":"post_tag","embeddable":true,"href":"https:\/\/democraciaactiva.eu\/index.php?rest_route=%2Fwp%2Fv2%2Ftags&post=1551"}],"curies":[{"name":"wp","href":"https:\/\/api.w.org\/{rel}","templated":true}]}}