{"id":1545,"date":"2018-03-15T17:37:14","date_gmt":"2018-03-15T15:37:14","guid":{"rendered":"http:\/\/democraciaactiva.eu\/?p=1545"},"modified":"2018-03-15T17:37:14","modified_gmt":"2018-03-15T15:37:14","slug":"jimena-de-la-frontera-cadiz-suspende-en-transparencia","status":"publish","type":"post","link":"https:\/\/democraciaactiva.eu\/?p=1545","title":{"rendered":"Jimena de la Frontera (C\u00e1diz) suspende en Transparencia"},"content":{"rendered":"<p style=\"text-align: justify;\">El municipio gaditano de Jimena de la Frontera <strong>mantiene el dudoso honor de no haber contestado ninguna de las solicitudes de informaci\u00f3n<\/strong> que miembros de esta Asociaci\u00f3n ha presentado conforme a la Ley de Transparencia.<\/p>\n<p style=\"text-align: justify;\">Tampoco ha cumplido en ninguna ocasi\u00f3n con las obligaciones de la Ley de Procedimiento Administrativo Com\u00fan, al no comunicar los plazos y efectos del silencio administrativo, ni tampoco responde a las solicitudes de identificaci\u00f3n de responsables, dando la callada por respuesta en todas las ocasiones.<\/p>\n<p style=\"text-align: justify;\">Por ello, siguiendo con el <strong>protocolo establecido para las administraciones que siguen esa pol\u00edtica de transparencia cero<\/strong>, pasado un tiempo prudencial se remite reclamaci\u00f3n al Consejo de Transparencia y Protecci\u00f3n de Datos de Andaluc\u00eda.<a href=\"https:\/\/democraciaactiva.eu\/wp-content\/uploads\/2018\/03\/Respuestas.jpg\"><img decoding=\"async\" loading=\"lazy\" class=\"aligncenter size-medium wp-image-1548\" src=\"https:\/\/democraciaactiva.eu\/wp-content\/uploads\/2018\/03\/Respuestas-300x187.jpg\" alt=\"\" width=\"300\" height=\"187\" \/><\/a><\/p>\n<p style=\"text-align: justify;\">Como era previsible dentro de la pol\u00edtica de \u00abtransparencia cero\u00bb, el Ayuntamiento tampoco contest\u00f3 los distintos requerimientos del Consejo de Transparencia durante el pasado a\u00f1o, por lo que finalmente \u00e9ste <strong>ha resuelto estimar la reclamaci\u00f3n de uno de nuestros socios ordenando al Ayuntamiento entregar la documentaci\u00f3n solicitada en el plazo de 20 d\u00edas.<a href=\"https:\/\/democraciaactiva.eu\/wp-content\/uploads\/2018\/03\/84085419cf08b000c5b0074511518d14.jpg\"><img decoding=\"async\" loading=\"lazy\" class=\"aligncenter size-medium wp-image-1547\" src=\"https:\/\/democraciaactiva.eu\/wp-content\/uploads\/2018\/03\/84085419cf08b000c5b0074511518d14-300x231.jpg\" alt=\"\" width=\"300\" height=\"231\" \/><\/a><\/strong><\/p>\n<p style=\"text-align: justify;\">Lamentablemente, pese a la claridad de la normativa, no hay muchas esperanzas de respuesta si seguimos las estad\u00edsticas de <strong>Ayuntamientos que incumplen con tanta facilidad la Ley de Trasnparencia, que en el caso de Jimena afecta tambi\u00e9n a la publicidad activa y a los expedientes en informaci\u00f3n p\u00fablica<\/strong>. Ello ocasiona perjuicios a los ciudadanos, que deben soportar largas esperas sin respuesta, as\u00ed como a las administraciones implicadas, que deben dedicar recursos a proteger unos derechos ciudadanos tan evidentes.<a href=\"https:\/\/democraciaactiva.eu\/wp-content\/uploads\/2018\/03\/8f06a3536fd7eebaecf400922e3f753a.jpg\"><img decoding=\"async\" loading=\"lazy\" class=\"aligncenter size-medium wp-image-1546\" src=\"https:\/\/democraciaactiva.eu\/wp-content\/uploads\/2018\/03\/8f06a3536fd7eebaecf400922e3f753a-300x265.jpg\" alt=\"\" width=\"300\" height=\"265\" \/><\/a><\/p>\n<p style=\"text-align: justify;\">De este modo, una vez agotado el plazo legal dado por el Consejo de Transparencia sin recibir la informaci\u00f3n solicitada se deber\u00e1 poner de nuevo en conocimiento de \u00e9ste el reiterado incumplimiento, en esta ocasi\u00f3n ya de una resoluci\u00f3n del propio Consejo, por lo que<strong> ser\u00eda previsible que se iniciara el procedimiento sancionador que contempla la Ley de Transparencia.<\/strong><\/p>\n","protected":false},"excerpt":{"rendered":"<div class=\"mh-excerpt\"><p>El municipio gaditano de Jimena de la Frontera mantiene el dudoso honor de no haber contestado ninguna de las solicitudes de informaci\u00f3n que miembros de <a class=\"mh-excerpt-more\" href=\"https:\/\/democraciaactiva.eu\/?p=1545\" title=\"Jimena de la Frontera (C\u00e1diz) suspende en Transparencia\">[&#8230;]<\/a><\/p>\n<\/div>","protected":false},"author":1,"featured_media":1546,"comment_status":"closed","ping_status":"open","sticky":false,"template":"","format":"standard","meta":[],"categories":[5,19],"tags":[],"_links":{"self":[{"href":"https:\/\/democraciaactiva.eu\/index.php?rest_route=\/wp\/v2\/posts\/1545"}],"collection":[{"href":"https:\/\/democraciaactiva.eu\/index.php?rest_route=\/wp\/v2\/posts"}],"about":[{"href":"https:\/\/democraciaactiva.eu\/index.php?rest_route=\/wp\/v2\/types\/post"}],"author":[{"embeddable":true,"href":"https:\/\/democraciaactiva.eu\/index.php?rest_route=\/wp\/v2\/users\/1"}],"replies":[{"embeddable":true,"href":"https:\/\/democraciaactiva.eu\/index.php?rest_route=%2Fwp%2Fv2%2Fcomments&post=1545"}],"version-history":[{"count":0,"href":"https:\/\/democraciaactiva.eu\/index.php?rest_route=\/wp\/v2\/posts\/1545\/revisions"}],"wp:featuredmedia":[{"embeddable":true,"href":"https:\/\/democraciaactiva.eu\/index.php?rest_route=\/"}],"wp:attachment":[{"href":"https:\/\/democraciaactiva.eu\/index.php?rest_route=%2Fwp%2Fv2%2Fmedia&parent=1545"}],"wp:term":[{"taxonomy":"category","embeddable":true,"href":"https:\/\/democraciaactiva.eu\/index.php?rest_route=%2Fwp%2Fv2%2Fcategories&post=1545"},{"taxonomy":"post_tag","embeddable":true,"href":"https:\/\/democraciaactiva.eu\/index.php?rest_route=%2Fwp%2Fv2%2Ftags&post=1545"}],"curies":[{"name":"wp","href":"https:\/\/api.w.org\/{rel}","templated":true}]}}