{"id":1538,"date":"2018-03-12T16:12:09","date_gmt":"2018-03-12T14:12:09","guid":{"rendered":"http:\/\/democraciaactiva.eu\/?p=1538"},"modified":"2018-03-12T16:12:09","modified_gmt":"2018-03-12T14:12:09","slug":"piden-informacion-sobre-gonzalez-vega-en-la-linea","status":"publish","type":"post","link":"https:\/\/democraciaactiva.eu\/?p=1538","title":{"rendered":"Piden informaci\u00f3n sobre Gonz\u00e1lez de la Vega, en La L\u00ednea."},"content":{"rendered":"<p style=\"text-align: justify;\">Tras aparecer peticiones en redes sociales denunciando la situaci\u00f3n de la calle Gonz\u00e1lez Vega, en La L\u00ednea de la Concepci\u00f3n (C\u00e1diz), desde la asociaci\u00f3n Defensa Ciudadana Activa se ha solicitado documentaci\u00f3n al Ayuntamiento sobre la misma.<a href=\"https:\/\/democraciaactiva.eu\/wp-content\/uploads\/2018\/03\/18641.jpg\"><img decoding=\"async\" loading=\"lazy\" class=\"aligncenter size-medium wp-image-1539\" src=\"https:\/\/democraciaactiva.eu\/wp-content\/uploads\/2018\/03\/18641-189x300.jpg\" alt=\"\" width=\"189\" height=\"300\" \/><\/a><\/p>\n<p style=\"text-align: justify;\">En concreto se solicita copia de la documentaci\u00f3n que haya autorizado la colocaci\u00f3n de bolardos incumpliendo la normativa de accesibilidad (Decreto 293\/2009), en el centro del acerado, impidiendo cualquier paso por ella.<a href=\"https:\/\/democraciaactiva.eu\/wp-content\/uploads\/2018\/03\/Calle-La-Linea.jpg\"><img decoding=\"async\" loading=\"lazy\" class=\"aligncenter size-medium wp-image-1540\" src=\"https:\/\/democraciaactiva.eu\/wp-content\/uploads\/2018\/03\/Calle-La-Linea-300x200.jpg\" alt=\"\" width=\"300\" height=\"200\" \/><\/a><\/p>\n<p style=\"text-align: justify;\">Adem\u00e1s de ello y debido a la solicitud que se est\u00e1 divulgando para que se eleve el acerado hasta alcanzar la altura de algunas viviendas, desde DCA se recuerda que lo \u00f3ptimo \u00abser\u00eda tener <strong>las aceras al nivel de la calzada, permitiendo la circulaci\u00f3n de personas con movilidad reducida como cualquier peat\u00f3n, y adem\u00e1s supliendo la falta de anchura en algunos tramos tan antiguos como \u00e9ste<\/strong>\u00ab.<\/p>\n<p style=\"text-align: justify;\">A juicio de DCA, \u00aben el tramo citado se da la circunstancia de que <strong>una vivienda que al parecer ten\u00eda un patio interior hace unos a\u00f1os actualmente no lo tiene, y en lugar de realizar una rampa de acceso en ese patio se ha terminado en un enorme escal\u00f3n con la v\u00eda p\u00fablica<\/strong>. Por eso nos extra\u00f1a que el Ayuntamiento haya autorizado una obra semejante, que ha dejado inaccesible en la pr\u00e1ctica a la vivienda, para que luego se planteen siquiera elevar el acerado en perjuicio de todos los dem\u00e1s usuarios, inclusive de veh\u00edculos a los que habr\u00eda que cortar el paso para suplir la falta de accesibilidad que no se ha tenido en cuenta en la reforma de la vivienda\u00bb, criticaron.<a href=\"https:\/\/democraciaactiva.eu\/wp-content\/uploads\/2018\/03\/Catastro1.jpg\"><img decoding=\"async\" loading=\"lazy\" class=\"aligncenter size-medium wp-image-1541\" src=\"https:\/\/democraciaactiva.eu\/wp-content\/uploads\/2018\/03\/Catastro1-300x213.jpg\" alt=\"\" width=\"300\" height=\"213\" \/><\/a><\/p>\n<p style=\"text-align: justify;\">La opci\u00f3n de <strong>cortar el tr\u00e1fico en la calle no parece viable, pero desde DCA se apunta a que se hiciera \u00abde preferencia peatonal, de modo que peatones, carros de beb\u00e9 o sillas de ruedas puedan circular con mayor tranquilidad, con una velocidad reducida de los veh\u00edculos, todo ello sin elevar el acerado<\/strong>\u00a0\u00ab.<\/p>\n<p style=\"text-align: justify;\">Respecto a la falta de accesibilidad de las viviendas desde DCA se ha solicitado <strong>copia del expediente que figure en urbanismo sobre la \u00faltima reforma, ya que \u00abno nos parece coherente que hayan techado el patio de entrada sin realizar una rampa de acceso<\/strong>, cuando ese era el momento y lugar adecuados, por lo que es posible que los planos de licencia no coincidan con lo ejecutado por el constructor\u00bb, finalizaron.<\/p>\n","protected":false},"excerpt":{"rendered":"<div class=\"mh-excerpt\"><p>Tras aparecer peticiones en redes sociales denunciando la situaci\u00f3n de la calle Gonz\u00e1lez Vega, en La L\u00ednea de la Concepci\u00f3n (C\u00e1diz), desde la asociaci\u00f3n Defensa <a class=\"mh-excerpt-more\" href=\"https:\/\/democraciaactiva.eu\/?p=1538\" title=\"Piden informaci\u00f3n sobre Gonz\u00e1lez de la Vega, en La L\u00ednea.\">[&#8230;]<\/a><\/p>\n<\/div>","protected":false},"author":1,"featured_media":1540,"comment_status":"closed","ping_status":"open","sticky":false,"template":"","format":"standard","meta":[],"categories":[3],"tags":[],"_links":{"self":[{"href":"https:\/\/democraciaactiva.eu\/index.php?rest_route=\/wp\/v2\/posts\/1538"}],"collection":[{"href":"https:\/\/democraciaactiva.eu\/index.php?rest_route=\/wp\/v2\/posts"}],"about":[{"href":"https:\/\/democraciaactiva.eu\/index.php?rest_route=\/wp\/v2\/types\/post"}],"author":[{"embeddable":true,"href":"https:\/\/democraciaactiva.eu\/index.php?rest_route=\/wp\/v2\/users\/1"}],"replies":[{"embeddable":true,"href":"https:\/\/democraciaactiva.eu\/index.php?rest_route=%2Fwp%2Fv2%2Fcomments&post=1538"}],"version-history":[{"count":0,"href":"https:\/\/democraciaactiva.eu\/index.php?rest_route=\/wp\/v2\/posts\/1538\/revisions"}],"wp:featuredmedia":[{"embeddable":true,"href":"https:\/\/democraciaactiva.eu\/index.php?rest_route=\/"}],"wp:attachment":[{"href":"https:\/\/democraciaactiva.eu\/index.php?rest_route=%2Fwp%2Fv2%2Fmedia&parent=1538"}],"wp:term":[{"taxonomy":"category","embeddable":true,"href":"https:\/\/democraciaactiva.eu\/index.php?rest_route=%2Fwp%2Fv2%2Fcategories&post=1538"},{"taxonomy":"post_tag","embeddable":true,"href":"https:\/\/democraciaactiva.eu\/index.php?rest_route=%2Fwp%2Fv2%2Ftags&post=1538"}],"curies":[{"name":"wp","href":"https:\/\/api.w.org\/{rel}","templated":true}]}}