{"id":1528,"date":"2018-03-12T15:53:18","date_gmt":"2018-03-12T13:53:18","guid":{"rendered":"http:\/\/democraciaactiva.eu\/?p=1528"},"modified":"2018-03-12T15:53:18","modified_gmt":"2018-03-12T13:53:18","slug":"algeciras-juega-al-despiste-con-la-red-de-plaza-andalucia","status":"publish","type":"post","link":"https:\/\/democraciaactiva.eu\/?p=1528","title":{"rendered":"Algeciras juega al despiste con la red de Plaza Andaluc\u00eda"},"content":{"rendered":"<p style=\"text-align: justify;\">Tras un mes desde la petici\u00f3n de informaci\u00f3n por la red instalada en el centro comercial Plaza de Andaluc\u00eda, el Ayuntamiento de Algeciras ha demostrado, adem\u00e1s de un <strong>caos administrativo que les impide cumplir con los procedimientos administrativos<\/strong>, posibles intentos de camuflar la instalaci\u00f3n de la red bajo una licencia de limpieza.<a href=\"https:\/\/democraciaactiva.eu\/wp-content\/uploads\/2018\/03\/Paloma-11.jpg\"><img decoding=\"async\" loading=\"lazy\" class=\"aligncenter size-medium wp-image-1530\" src=\"https:\/\/democraciaactiva.eu\/wp-content\/uploads\/2018\/03\/Paloma-11-300x200.jpg\" alt=\"\" width=\"300\" height=\"200\" \/><\/a><\/p>\n<p style=\"text-align: justify;\">A fecha de hoy al parecer las peticiones de licencia, cuya competencia corresponde a Urbanismo, fueron desviadas a Medio Ambiente, y de ah\u00ed a Salud y Consumo, <strong>sin que ninguno de ellos haya cumplido la legalidad informando de los plazos y efectos del silencio administrativo<\/strong>.<\/p>\n<p style=\"text-align: justify;\">Adem\u00e1s de perder la documentaci\u00f3n en la Delegaci\u00f3n de Salud y Consumo, se han detectado contestaciones a otros colectivos citando una licencia de obras menores para la limpieza de las p\u00e9rgolas. <strong>\u00bfQu\u00e9 tiene que ver la limpieza de las p\u00e9rgolas con la instalaci\u00f3n de otra estructura?<\/strong> En la misma excusa al parecer se indicar\u00eda que la administraci\u00f3n ha presentado factura de la instalaci\u00f3n de la red por una empresa homologada, indicando que <strong>s\u00f3lo fueron 2 las palomas que murieron en la red, seg\u00fan el centro comercial,<\/strong> y ha sido reparada.<a href=\"https:\/\/democraciaactiva.eu\/wp-content\/uploads\/2018\/03\/Escrito-Delegado-de-Urbanismo.jpg\"><img decoding=\"async\" loading=\"lazy\" class=\"aligncenter size-medium wp-image-1534\" src=\"https:\/\/democraciaactiva.eu\/wp-content\/uploads\/2018\/03\/Escrito-Delegado-de-Urbanismo-269x300.jpg\" alt=\"\" width=\"269\" height=\"300\" \/><\/a><\/p>\n<p style=\"text-align: justify;\">Por todo ello desde Defensa Ciudadana Activa se pedir\u00e1 <strong>copia del expediente de la licencia de obras menores citada como excusa por el Ayuntamiento<\/strong>, adem\u00e1s de las facturas y cualquier documentaci\u00f3n justificativa que haya presentado la administraci\u00f3n del centro comercial.<a href=\"https:\/\/democraciaactiva.eu\/wp-content\/uploads\/2018\/03\/18642.jpg\"><img decoding=\"async\" loading=\"lazy\" class=\"aligncenter size-medium wp-image-1535\" src=\"https:\/\/democraciaactiva.eu\/wp-content\/uploads\/2018\/03\/18642-300x294.jpg\" alt=\"\" width=\"300\" height=\"294\" \/><\/a><\/p>\n<p style=\"text-align: justify;\">\u00abEs necesario comprobar si la licencia de obras menores inclu\u00eda la instalaci\u00f3n de la red, adem\u00e1s de si su presupuesto se encontraba incluido a la hora del pago de las tasas municipales, y c\u00f3mo una estructura as\u00ed ha pasado como \u00ablimpieza\u00bb. No creemos que cualquier vecino de Algeciras pueda pedir licencia para limpiar o pintar su vivienda y construir otra planta, por ejemplo, con una licencia de obras menores, por lo que <strong>el departamento de Urbanismo deber\u00eda aclarar qu\u00e9 ha ocurrido exactamente en el CC Plaza de Andaluc\u00eda<\/strong>\u00ab, informaron.<\/p>\n<p style=\"text-align: justify;\">Por \u00faltimo desde DCA se lament\u00f3 la informaci\u00f3n contradictoria que emite la administraci\u00f3n, desde la respuesta en redes sociales del Alcalde informando de que no exist\u00eda licencia para esa red, a la de Atenci\u00f3n al Ciudadano indicando que se hab\u00eda solicitado la retirada inmediata de la misma.<strong> Pasado un mes l\u00f3gicamente ambas respuestas han demostrado su falta de credibilidad.<\/strong><\/p>\n<p><img decoding=\"async\" loading=\"lazy\" class=\"aligncenter size-medium wp-image-1531\" src=\"https:\/\/democraciaactiva.eu\/wp-content\/uploads\/2018\/03\/7d5cd8115976a80bbd8ffabf4b6e8da2-238x300.jpg\" alt=\"\" width=\"238\" height=\"300\" \/><\/p>\n<p>&nbsp; <\/p>\n","protected":false},"excerpt":{"rendered":"<div class=\"mh-excerpt\"><p>Tras un mes desde la petici\u00f3n de informaci\u00f3n por la red instalada en el centro comercial Plaza de Andaluc\u00eda, el Ayuntamiento de Algeciras ha demostrado, <a class=\"mh-excerpt-more\" href=\"https:\/\/democraciaactiva.eu\/?p=1528\" title=\"Algeciras juega al despiste con la red de Plaza Andaluc\u00eda\">[&#8230;]<\/a><\/p>\n<\/div>","protected":false},"author":1,"featured_media":1533,"comment_status":"closed","ping_status":"open","sticky":false,"template":"","format":"standard","meta":[],"categories":[6,14],"tags":[],"_links":{"self":[{"href":"https:\/\/democraciaactiva.eu\/index.php?rest_route=\/wp\/v2\/posts\/1528"}],"collection":[{"href":"https:\/\/democraciaactiva.eu\/index.php?rest_route=\/wp\/v2\/posts"}],"about":[{"href":"https:\/\/democraciaactiva.eu\/index.php?rest_route=\/wp\/v2\/types\/post"}],"author":[{"embeddable":true,"href":"https:\/\/democraciaactiva.eu\/index.php?rest_route=\/wp\/v2\/users\/1"}],"replies":[{"embeddable":true,"href":"https:\/\/democraciaactiva.eu\/index.php?rest_route=%2Fwp%2Fv2%2Fcomments&post=1528"}],"version-history":[{"count":0,"href":"https:\/\/democraciaactiva.eu\/index.php?rest_route=\/wp\/v2\/posts\/1528\/revisions"}],"wp:featuredmedia":[{"embeddable":true,"href":"https:\/\/democraciaactiva.eu\/index.php?rest_route=\/"}],"wp:attachment":[{"href":"https:\/\/democraciaactiva.eu\/index.php?rest_route=%2Fwp%2Fv2%2Fmedia&parent=1528"}],"wp:term":[{"taxonomy":"category","embeddable":true,"href":"https:\/\/democraciaactiva.eu\/index.php?rest_route=%2Fwp%2Fv2%2Fcategories&post=1528"},{"taxonomy":"post_tag","embeddable":true,"href":"https:\/\/democraciaactiva.eu\/index.php?rest_route=%2Fwp%2Fv2%2Ftags&post=1528"}],"curies":[{"name":"wp","href":"https:\/\/api.w.org\/{rel}","templated":true}]}}