{"id":1521,"date":"2018-03-07T20:24:27","date_gmt":"2018-03-07T18:24:27","guid":{"rendered":"http:\/\/democraciaactiva.eu\/?p=1521"},"modified":"2018-03-07T20:24:27","modified_gmt":"2018-03-07T18:24:27","slug":"la-junta-reconoce-que-el-nuevo-hospital-de-la-linea-no-es-accesible","status":"publish","type":"post","link":"https:\/\/democraciaactiva.eu\/?p=1521","title":{"rendered":"La Junta reconoce que el nuevo Hospital de la L\u00ednea no es accesible."},"content":{"rendered":"<p style=\"text-align: justify;\">Tras detectar infracciones de la normativa urban\u00edstica en las zonas reci\u00e9n inauguradas del Hospital Comarcal de La L\u00ednea de la Concepci\u00f3n (C\u00e1diz), se solicit\u00f3 documentaci\u00f3n tanto al Ayuntamiento como a la Junta de Andaluc\u00eda, recibiendo respuesta de esta \u00faltima administraci\u00f3n recientemente.<\/p>\n<p style=\"text-align: justify;\">En su respuesta, la administraci\u00f3n auton\u00f3mica <strong>reconoce que las instalaciones no cumplir\u00e1n el Decreto 293\/2009 sobre accesibilidad de la Junta de Andaluc\u00eda, sobre todo en lo relativo a la altura de las aceras y otros elementos no recogidos en la normativa anterior, es decir, de hace una d\u00e9cada<\/strong>.<\/p>\n<p style=\"text-align: justify;\">El motivo argumentado por la administraci\u00f3n es que <strong>la licencia de obras se obtuvo en el a\u00f1o 2.008<\/strong>, poco antes de la aprobaci\u00f3n del Decreto 293\/2009, por lo que entienden no les es de aplicaci\u00f3n.<a href=\"https:\/\/democraciaactiva.eu\/wp-content\/uploads\/2018\/03\/Panoechargota.jpg\"><img decoding=\"async\" loading=\"lazy\" class=\"aligncenter size-medium wp-image-1522\" src=\"https:\/\/democraciaactiva.eu\/wp-content\/uploads\/2018\/03\/Panoechargota-300x287.jpg\" alt=\"\" width=\"300\" height=\"287\" \/><\/a><\/p>\n<p style=\"text-align: justify;\">Para continuar con las excusas se justifica la \u00abaccesibilidad\u00bb de los vados por la diferente \u00abtonalidad de gris\u00bb que se ha indicado. A juicio de DCA \u00abla normativa habla de distinto color, no tono, adem\u00e1s de que para cualquier persona resulta casi imperceptible esa diferencia que se\u00f1ala la administraci\u00f3n como demuestran las fotograf\u00edas.<a href=\"https:\/\/democraciaactiva.eu\/wp-content\/uploads\/2018\/03\/Seguimos.jpg\"><img decoding=\"async\" loading=\"lazy\" class=\"aligncenter size-medium wp-image-1523\" src=\"https:\/\/democraciaactiva.eu\/wp-content\/uploads\/2018\/03\/Seguimos-300x229.jpg\" alt=\"\" width=\"300\" height=\"229\" \/><\/a><a href=\"https:\/\/democraciaactiva.eu\/wp-content\/uploads\/2018\/03\/Acerado.jpg\"><img decoding=\"async\" loading=\"lazy\" class=\"aligncenter size-medium wp-image-1525\" src=\"https:\/\/democraciaactiva.eu\/wp-content\/uploads\/2018\/03\/Acerado-169x300.jpg\" alt=\"\" width=\"169\" height=\"300\" \/><\/a><\/p>\n<p style=\"text-align: justify;\">Por medio se dejan cantidad de normas relativas a la adaptaci\u00f3n de las instalaciones existentes, as\u00ed como, a juicio de DCA, la normativa sobre licencias urban\u00edsticas.<\/p>\n<p style=\"text-align: justify;\">\u00abLlama poderosamente la atenci\u00f3n que para una instalaci\u00f3n p\u00fablica de la envergadura como un Hospital Comarcal <strong>se alegue que la licencia es de hace una d\u00e9cada para incumplir la normativa de accesibilidad<\/strong>. La administraci\u00f3n p\u00fablica deber\u00eda ser la primera en velar por la mejora de las infraestructuras y no excusarse en que han tardado una d\u00e9cada en construir el Hospital, lo cual desde luego no deber\u00eda ser motivo precisamente de orgullo\u00bb, declararon desde la asociaci\u00f3n.<\/p>\n<p style=\"text-align: justify;\">Adem\u00e1s de ello, desde DCA se apunt\u00f3 a que \u00ablas excusas de la Junta de Andaluc\u00eda nos llevan a preguntar por otra cuesti\u00f3n:<strong> \u00bfc\u00f3mo han podido mantener vigente una licencia de obras durante una d\u00e9cada?<\/strong> Conforme a la normativa que hemos consultado la licencia de obras deber\u00eda tener un plazo de validez muy inferior, probablemente de un a\u00f1o, pudiendo prorrogarse otro por una vez, pero luego , conforme al art. 173 de la LOUA, deber\u00edan haber solicitado nueva licencia de obras y ajustarse a la normativa que ya estaba en vigor\u00bb, informaron.<a href=\"https:\/\/democraciaactiva.eu\/wp-content\/uploads\/2018\/03\/LOUA.jpg\"><img decoding=\"async\" loading=\"lazy\" class=\"aligncenter size-medium wp-image-1524\" src=\"https:\/\/democraciaactiva.eu\/wp-content\/uploads\/2018\/03\/LOUA-300x93.jpg\" alt=\"\" width=\"300\" height=\"93\" \/><\/a><\/p>\n<p style=\"text-align: justify;\">Por ello desde Defensa Ciudadana Activa <strong>solicitar\u00e1n copia de las licencias de obras concedidas<\/strong>, haciendo especial \u00e9nfasis al Ayuntamiento de La L\u00ednea en la comprobaci\u00f3n de los periodos de obra, por si hubieran estado trabajando en una obra sin licencia vigente.<\/p>\n<p style=\"text-align: justify;\">El Ayuntamiento de La L\u00ednea por su parte sigue sin responder a las peticiones de informaci\u00f3n, por lo que resulta a\u00fan inexplicable c\u00f3mo se ha podido mantener un edificio p\u00fablico durante una d\u00e9cada con la misma licencia de obras, adem\u00e1s de <strong>c\u00f3mo han pasado las infracciones de accesibilidad ya reconocidas por la propia Junta de Andaluc\u00eda el visto bueno de los t\u00e9cnicos para la inauguraci\u00f3n<\/strong> parcial de las instalaciones.<\/p>\n","protected":false},"excerpt":{"rendered":"<div class=\"mh-excerpt\"><p>Tras detectar infracciones de la normativa urban\u00edstica en las zonas reci\u00e9n inauguradas del Hospital Comarcal de La L\u00ednea de la Concepci\u00f3n (C\u00e1diz), se solicit\u00f3 documentaci\u00f3n <a class=\"mh-excerpt-more\" href=\"https:\/\/democraciaactiva.eu\/?p=1521\" title=\"La Junta reconoce que el nuevo Hospital de la L\u00ednea no es accesible.\">[&#8230;]<\/a><\/p>\n<\/div>","protected":false},"author":1,"featured_media":1525,"comment_status":"closed","ping_status":"open","sticky":false,"template":"","format":"standard","meta":[],"categories":[3],"tags":[],"_links":{"self":[{"href":"https:\/\/democraciaactiva.eu\/index.php?rest_route=\/wp\/v2\/posts\/1521"}],"collection":[{"href":"https:\/\/democraciaactiva.eu\/index.php?rest_route=\/wp\/v2\/posts"}],"about":[{"href":"https:\/\/democraciaactiva.eu\/index.php?rest_route=\/wp\/v2\/types\/post"}],"author":[{"embeddable":true,"href":"https:\/\/democraciaactiva.eu\/index.php?rest_route=\/wp\/v2\/users\/1"}],"replies":[{"embeddable":true,"href":"https:\/\/democraciaactiva.eu\/index.php?rest_route=%2Fwp%2Fv2%2Fcomments&post=1521"}],"version-history":[{"count":0,"href":"https:\/\/democraciaactiva.eu\/index.php?rest_route=\/wp\/v2\/posts\/1521\/revisions"}],"wp:featuredmedia":[{"embeddable":true,"href":"https:\/\/democraciaactiva.eu\/index.php?rest_route=\/"}],"wp:attachment":[{"href":"https:\/\/democraciaactiva.eu\/index.php?rest_route=%2Fwp%2Fv2%2Fmedia&parent=1521"}],"wp:term":[{"taxonomy":"category","embeddable":true,"href":"https:\/\/democraciaactiva.eu\/index.php?rest_route=%2Fwp%2Fv2%2Fcategories&post=1521"},{"taxonomy":"post_tag","embeddable":true,"href":"https:\/\/democraciaactiva.eu\/index.php?rest_route=%2Fwp%2Fv2%2Ftags&post=1521"}],"curies":[{"name":"wp","href":"https:\/\/api.w.org\/{rel}","templated":true}]}}