{"id":1510,"date":"2018-02-07T19:52:24","date_gmt":"2018-02-07T17:52:24","guid":{"rendered":"http:\/\/democraciaactiva.eu\/?p=1510"},"modified":"2018-02-07T19:52:24","modified_gmt":"2018-02-07T17:52:24","slug":"tarifa-reduce-la-accesibilidad-de-sus-calles","status":"publish","type":"post","link":"https:\/\/democraciaactiva.eu\/?p=1510","title":{"rendered":"Tarifa reduce la accesibilidad de sus calles"},"content":{"rendered":"<p style=\"text-align: justify;\">El Ayuntamiento de Tarifa (C\u00e1diz) ha decidido al parecer <strong>reducir la accesibilidad en sus calles mediante la eliminaci\u00f3n del acceso a pasos de peatones<\/strong>, por lo que desde DCA se ha solicitado informaci\u00f3n sobre esta medida.<\/p>\n<p>Como puede apreciarse en las fotograf\u00edas, en el a\u00f1o 2.014 exist\u00eda en la calle Alcalde Juan N\u00fa\u00f1ez un acceso f\u00e1cil al paso de peatones situado frente a la sede de Cruz Roja. A\u00f1os despu\u00e9s se iniciaron unas obras que obligaron a cortar el acceso a esa acera durante un tiempo, y cuando finalmente se pudo acceder <strong>las personas con movilidad reducida comprobaron que ya no pod\u00edan utilizar el paso de peatones. La acera hab\u00eda sido levantada impidiendo el acceso para sillas de ruedas.<\/strong><\/p>\n<figure id=\"attachment_1511\" aria-describedby=\"caption-attachment-1511\" style=\"width: 300px\" class=\"wp-caption aligncenter\"><a href=\"https:\/\/democraciaactiva.eu\/wp-content\/uploads\/2018\/02\/Tarifa-Marzo-2014.jpg\"><img decoding=\"async\" loading=\"lazy\" class=\"wp-image-1511 size-medium\" src=\"https:\/\/democraciaactiva.eu\/wp-content\/uploads\/2018\/02\/Tarifa-Marzo-2014-300x232.jpg\" alt=\"\" width=\"300\" height=\"232\" \/><\/a><figcaption id=\"caption-attachment-1511\" class=\"wp-caption-text\">Marzo 2014<\/figcaption><\/figure>\n<figure id=\"attachment_1513\" aria-describedby=\"caption-attachment-1513\" style=\"width: 300px\" class=\"wp-caption aligncenter\"><a href=\"https:\/\/democraciaactiva.eu\/wp-content\/uploads\/2018\/02\/Tarifa-Mayo-2016.jpg\"><img decoding=\"async\" loading=\"lazy\" class=\"wp-image-1513 size-medium\" src=\"https:\/\/democraciaactiva.eu\/wp-content\/uploads\/2018\/02\/Tarifa-Mayo-2016-300x278.jpg\" alt=\"\" width=\"300\" height=\"278\" \/><\/a><figcaption id=\"caption-attachment-1513\" class=\"wp-caption-text\">Mayo 2.016<\/figcaption><\/figure>\n<figure id=\"attachment_1512\" aria-describedby=\"caption-attachment-1512\" style=\"width: 300px\" class=\"wp-caption aligncenter\"><a href=\"https:\/\/democraciaactiva.eu\/wp-content\/uploads\/2018\/02\/Tarifa-Julio-2017-2.jpg\"><img decoding=\"async\" loading=\"lazy\" class=\"wp-image-1512 size-medium\" src=\"https:\/\/democraciaactiva.eu\/wp-content\/uploads\/2018\/02\/Tarifa-Julio-2017-2-300x155.jpg\" alt=\"\" width=\"300\" height=\"155\" \/><\/a><figcaption id=\"caption-attachment-1512\" class=\"wp-caption-text\">Julio 2.017<\/figcaption><\/figure>\n<p style=\"text-align: justify;\">Por este motivo desde la asociaci\u00f3n Defensa Ciudadana Activa se ha solicitado la documentaci\u00f3n t\u00e9cnica\u00a0de la obra donde se especifique tal cambio, as\u00ed como las <strong>fichas justificativas de la accesibilidad, conforme a la normativa vigente<\/strong>.<a href=\"https:\/\/democraciaactiva.eu\/wp-content\/uploads\/2018\/02\/S18629.jpg\"><img decoding=\"async\" loading=\"lazy\" class=\"aligncenter size-medium wp-image-1514\" src=\"https:\/\/democraciaactiva.eu\/wp-content\/uploads\/2018\/02\/S18629-176x300.jpg\" alt=\"\" width=\"176\" height=\"300\" \/><\/a><\/p>\n<p style=\"text-align: justify;\">Dado que no hay garant\u00edas de que el Ayuntamiento de Tarifa no contin\u00fae su campa\u00f1a de creaci\u00f3n de barreras, desde DCA se estudiar\u00e1 remitir queja igualmente a la administraci\u00f3n estatal, como competentes para anular los acuerdos que contravengan la normativa vigente, as\u00ed como al Defensor del Pueblo Andaluz, a los efectos oportunos.<\/p>\n","protected":false},"excerpt":{"rendered":"<div class=\"mh-excerpt\"><p>El Ayuntamiento de Tarifa (C\u00e1diz) ha decidido al parecer reducir la accesibilidad en sus calles mediante la eliminaci\u00f3n del acceso a pasos de peatones, por <a class=\"mh-excerpt-more\" href=\"https:\/\/democraciaactiva.eu\/?p=1510\" title=\"Tarifa reduce la accesibilidad de sus calles\">[&#8230;]<\/a><\/p>\n<\/div>","protected":false},"author":1,"featured_media":1513,"comment_status":"closed","ping_status":"open","sticky":false,"template":"","format":"standard","meta":[],"categories":[3],"tags":[],"_links":{"self":[{"href":"https:\/\/democraciaactiva.eu\/index.php?rest_route=\/wp\/v2\/posts\/1510"}],"collection":[{"href":"https:\/\/democraciaactiva.eu\/index.php?rest_route=\/wp\/v2\/posts"}],"about":[{"href":"https:\/\/democraciaactiva.eu\/index.php?rest_route=\/wp\/v2\/types\/post"}],"author":[{"embeddable":true,"href":"https:\/\/democraciaactiva.eu\/index.php?rest_route=\/wp\/v2\/users\/1"}],"replies":[{"embeddable":true,"href":"https:\/\/democraciaactiva.eu\/index.php?rest_route=%2Fwp%2Fv2%2Fcomments&post=1510"}],"version-history":[{"count":0,"href":"https:\/\/democraciaactiva.eu\/index.php?rest_route=\/wp\/v2\/posts\/1510\/revisions"}],"wp:featuredmedia":[{"embeddable":true,"href":"https:\/\/democraciaactiva.eu\/index.php?rest_route=\/"}],"wp:attachment":[{"href":"https:\/\/democraciaactiva.eu\/index.php?rest_route=%2Fwp%2Fv2%2Fmedia&parent=1510"}],"wp:term":[{"taxonomy":"category","embeddable":true,"href":"https:\/\/democraciaactiva.eu\/index.php?rest_route=%2Fwp%2Fv2%2Fcategories&post=1510"},{"taxonomy":"post_tag","embeddable":true,"href":"https:\/\/democraciaactiva.eu\/index.php?rest_route=%2Fwp%2Fv2%2Ftags&post=1510"}],"curies":[{"name":"wp","href":"https:\/\/api.w.org\/{rel}","templated":true}]}}