{"id":1503,"date":"2018-02-07T13:35:18","date_gmt":"2018-02-07T11:35:18","guid":{"rendered":"http:\/\/democraciaactiva.eu\/?p=1503"},"modified":"2018-02-07T13:35:18","modified_gmt":"2018-02-07T11:35:18","slug":"denuncian-plaza-de-andalucia-algeciras-por-carencias-de-accesibilidad","status":"publish","type":"post","link":"https:\/\/democraciaactiva.eu\/?p=1503","title":{"rendered":"Denuncian Plaza de Andaluc\u00eda (Algeciras) por carencias de accesibilidad"},"content":{"rendered":"<p style=\"text-align: justify;\">En estos d\u00edas se ha remitido al Ayuntamiento de Algeciras,<strong> como administraci\u00f3n competente conforme a la Ley 4\/2017, de los Derechos y la Atenci\u00f3n a las personas con discapacidad en Andaluc\u00eda<\/strong>, denuncia por las infracciones detectadas en el Centro Comercial Plaza de Andaluc\u00eda.<\/p>\n<p style=\"text-align: justify;\">En concreto se han detectado carencias en los accesos desde el acerado colindante, ausencia de barandas, falta de pasamanos reglamentarios, ausencia de contraste en los obst\u00e1culos de las zonas peatonales, e incluso la falta de aseos adaptados.<a href=\"https:\/\/democraciaactiva.eu\/wp-content\/uploads\/2018\/02\/Salidas.jpg\"><img decoding=\"async\" loading=\"lazy\" class=\"aligncenter size-medium wp-image-1507\" src=\"https:\/\/democraciaactiva.eu\/wp-content\/uploads\/2018\/02\/Salidas-300x200.jpg\" alt=\"\" width=\"300\" height=\"200\" \/><\/a>\u00a0 <a href=\"https:\/\/democraciaactiva.eu\/wp-content\/uploads\/2018\/02\/Aseos.jpg\"><img decoding=\"async\" loading=\"lazy\" class=\"aligncenter size-medium wp-image-1504\" src=\"https:\/\/democraciaactiva.eu\/wp-content\/uploads\/2018\/02\/Aseos-300x225.jpg\" alt=\"\" width=\"300\" height=\"225\" \/><\/a><\/p>\n<p style=\"text-align: justify;\">Cabe recordar que <strong>el mismo centro comercial mantiene abierto un expediente por la instalaci\u00f3n de una red al parecer sin licencia municipal<\/strong>, en la que quedaron atrapadas docenas de palomas unos d\u00edas atr\u00e1s. El Centro Comercial al parecer ha hecho caso omiso a las indicaciones, parcheando la red y quitando los animales muertos aunque luego han vuelto a quedar atrapados otros, por lo que desde DCA se ha decidido inspeccionar m\u00e1s a fondo las instalaciones.<a href=\"https:\/\/democraciaactiva.eu\/wp-content\/uploads\/2018\/02\/S18628.jpg\"><img decoding=\"async\" loading=\"lazy\" class=\"aligncenter size-medium wp-image-1505\" src=\"https:\/\/democraciaactiva.eu\/wp-content\/uploads\/2018\/02\/S18628-180x300.jpg\" alt=\"\" width=\"180\" height=\"300\" \/><\/a><\/p>\n<p style=\"text-align: justify;\">Siguiendo con el protocolo de la asociaci\u00f3n, pasados 30 d\u00edas sin respuesta <strong>se reiterar\u00e1 a la administraci\u00f3n local su obligaci\u00f3n de responder en tiempo y forma, adem\u00e1s de remitir reclamaci\u00f3n al Consejo de Transparencia de Andaluc\u00eda<\/strong> por la falta de respuesta en plazo. En caso de que persista el silencio municipal se solicitar\u00eda la identificaci\u00f3n de los responsables del expediente para las siguientes reclamaciones, tanto a administraciones superiores como inclusive por v\u00eda judicial si se considera necesario.<\/p>\n","protected":false},"excerpt":{"rendered":"<div class=\"mh-excerpt\"><p>En estos d\u00edas se ha remitido al Ayuntamiento de Algeciras, como administraci\u00f3n competente conforme a la Ley 4\/2017, de los Derechos y la Atenci\u00f3n a <a class=\"mh-excerpt-more\" href=\"https:\/\/democraciaactiva.eu\/?p=1503\" title=\"Denuncian Plaza de Andaluc\u00eda (Algeciras) por carencias de accesibilidad\">[&#8230;]<\/a><\/p>\n<\/div>","protected":false},"author":1,"featured_media":1507,"comment_status":"closed","ping_status":"open","sticky":false,"template":"","format":"standard","meta":[],"categories":[3],"tags":[],"_links":{"self":[{"href":"https:\/\/democraciaactiva.eu\/index.php?rest_route=\/wp\/v2\/posts\/1503"}],"collection":[{"href":"https:\/\/democraciaactiva.eu\/index.php?rest_route=\/wp\/v2\/posts"}],"about":[{"href":"https:\/\/democraciaactiva.eu\/index.php?rest_route=\/wp\/v2\/types\/post"}],"author":[{"embeddable":true,"href":"https:\/\/democraciaactiva.eu\/index.php?rest_route=\/wp\/v2\/users\/1"}],"replies":[{"embeddable":true,"href":"https:\/\/democraciaactiva.eu\/index.php?rest_route=%2Fwp%2Fv2%2Fcomments&post=1503"}],"version-history":[{"count":0,"href":"https:\/\/democraciaactiva.eu\/index.php?rest_route=\/wp\/v2\/posts\/1503\/revisions"}],"wp:featuredmedia":[{"embeddable":true,"href":"https:\/\/democraciaactiva.eu\/index.php?rest_route=\/"}],"wp:attachment":[{"href":"https:\/\/democraciaactiva.eu\/index.php?rest_route=%2Fwp%2Fv2%2Fmedia&parent=1503"}],"wp:term":[{"taxonomy":"category","embeddable":true,"href":"https:\/\/democraciaactiva.eu\/index.php?rest_route=%2Fwp%2Fv2%2Fcategories&post=1503"},{"taxonomy":"post_tag","embeddable":true,"href":"https:\/\/democraciaactiva.eu\/index.php?rest_route=%2Fwp%2Fv2%2Ftags&post=1503"}],"curies":[{"name":"wp","href":"https:\/\/api.w.org\/{rel}","templated":true}]}}