{"id":1496,"date":"2018-01-20T13:03:03","date_gmt":"2018-01-20T11:03:03","guid":{"rendered":"http:\/\/democraciaactiva.eu\/?p=1496"},"modified":"2018-01-20T13:03:03","modified_gmt":"2018-01-20T11:03:03","slug":"abren-expediente-sobre-la-falta-de-taxis-adaptados-en-torrelodones","status":"publish","type":"post","link":"https:\/\/democraciaactiva.eu\/?p=1496","title":{"rendered":"Abren expediente sobre la falta de taxis adaptados en Torrelodones"},"content":{"rendered":"<p style=\"text-align: justify;\">Desde la asociaci\u00f3n Defensa Ciudadana Activa se ha abierto un expediente informativo sobre la posible carencia de medios p\u00fablicos de transporte en la localidad madrile\u00f1a de Torrelodones. En concreto, por la posibilidad de que est\u00e9n incumpliendo el art. 20.3 del <strong>Decreto 13\/2007 de la Comunidad de Madrid, que establec\u00eda hace una d\u00e9cada la obligaci\u00f3n de contar al menos con un veh\u00edculo de estas caracter\u00edsticas<\/strong>.<a href=\"https:\/\/democraciaactiva.eu\/wp-content\/uploads\/2018\/01\/Eurotaxi.jpg\"><img decoding=\"async\" loading=\"lazy\" class=\"aligncenter size-medium wp-image-1501\" src=\"https:\/\/democraciaactiva.eu\/wp-content\/uploads\/2018\/01\/Eurotaxi-300x160.jpg\" alt=\"\" width=\"300\" height=\"160\" \/><\/a><\/p>\n<p style=\"text-align: justify;\">Adem\u00e1s de ello, el Decreto establec\u00eda la <strong>obligaci\u00f3n de elaborar y mantener actualizado anualmente un plan de supresi\u00f3n de barreras<\/strong> y de utilizaci\u00f3n y adaptaci\u00f3n progresiva de los transportes p\u00fablicos colectivos, en el que<strong> se deber\u00eda especificar, seg\u00fan el citado Decreto, los recursos materiales afectados<\/strong> y su progresiva adecuaci\u00f3n.<a href=\"https:\/\/democraciaactiva.eu\/wp-content\/uploads\/2018\/01\/S18626.jpg\"><img decoding=\"async\" loading=\"lazy\" class=\"aligncenter size-medium wp-image-1499\" src=\"https:\/\/democraciaactiva.eu\/wp-content\/uploads\/2018\/01\/S18626-187x300.jpg\" alt=\"\" width=\"187\" height=\"300\" \/><\/a><\/p>\n<p style=\"text-align: justify;\">Desde DCA se ha denunciado en distintas ocasiones que <strong>Torrelodones, \u00ablejos de eliminar barreras las est\u00e1 creando<\/strong> con las reformas que lleva a cabo, por lo que queremos copia de su plan de supresi\u00f3n porque vistas sus actuaciones podr\u00eda acercarse m\u00e1s a un plan de creaci\u00f3n de barreras\u00bb.<\/p>\n<p style=\"text-align: justify;\">Adem\u00e1s de la solicitud al Ayuntamiento de Torrelodones de la documentaci\u00f3n relativa a la plaza de taxi adaptado, en caso de que no exista solicitan si han emitido nuevas licencias en la \u00faltima d\u00e9cada, \u00abya que la normativa exig\u00eda que si no hab\u00eda voluntarios la siguiente licencia deb\u00eda ser obligatoriamente para taxi adaptado\u00bb. Del mismo modo, y teniendo en cuenta que la situaci\u00f3n al parecer fue denunciada por FAMMA en el 2.013, <strong>se ha solicitado al Consejo de Promoci\u00f3n de la Accesibilidad y Supresi\u00f3n de Barreras de la Comunidad de Madrid copia del expediente<\/strong> de esa denuncia.\u00a0<a href=\"https:\/\/democraciaactiva.eu\/wp-content\/uploads\/2018\/01\/S18625.jpg\"><img decoding=\"async\" loading=\"lazy\" class=\"aligncenter size-medium wp-image-1500\" src=\"https:\/\/democraciaactiva.eu\/wp-content\/uploads\/2018\/01\/S18625-183x300.jpg\" alt=\"\" width=\"183\" height=\"300\" \/><\/a><\/p>\n<p style=\"text-align: justify;\">\u00abDesconocemos qu\u00e9 funciones cumple este Consejo de la Comunidad de Madrid, pero a la vista de los resultados de las denuncias que lleva tramitadas podr\u00eda ser una p\u00e9rdida de tiempo para la ciudadan\u00eda. Por ello <strong>necesitamos saber qu\u00e9 ocurre con los expedientes y si est\u00e1n empleando sus recursos en la eliminaci\u00f3n de barreras o se limitan a ser meros observadores<\/strong>. Si un organismo no funciona, si s\u00f3lo sirve para publicidad y tenemos que estar constantemente sobre ellos, la ciudadan\u00eda tiene derecho a saberlo\u00bb, criticaron.<\/p>\n","protected":false},"excerpt":{"rendered":"<div class=\"mh-excerpt\"><p>Desde la asociaci\u00f3n Defensa Ciudadana Activa se ha abierto un expediente informativo sobre la posible carencia de medios p\u00fablicos de transporte en la localidad madrile\u00f1a <a class=\"mh-excerpt-more\" href=\"https:\/\/democraciaactiva.eu\/?p=1496\" title=\"Abren expediente sobre la falta de taxis adaptados en Torrelodones\">[&#8230;]<\/a><\/p>\n<\/div>","protected":false},"author":1,"featured_media":1501,"comment_status":"closed","ping_status":"open","sticky":false,"template":"","format":"standard","meta":[],"categories":[3,5],"tags":[],"_links":{"self":[{"href":"https:\/\/democraciaactiva.eu\/index.php?rest_route=\/wp\/v2\/posts\/1496"}],"collection":[{"href":"https:\/\/democraciaactiva.eu\/index.php?rest_route=\/wp\/v2\/posts"}],"about":[{"href":"https:\/\/democraciaactiva.eu\/index.php?rest_route=\/wp\/v2\/types\/post"}],"author":[{"embeddable":true,"href":"https:\/\/democraciaactiva.eu\/index.php?rest_route=\/wp\/v2\/users\/1"}],"replies":[{"embeddable":true,"href":"https:\/\/democraciaactiva.eu\/index.php?rest_route=%2Fwp%2Fv2%2Fcomments&post=1496"}],"version-history":[{"count":0,"href":"https:\/\/democraciaactiva.eu\/index.php?rest_route=\/wp\/v2\/posts\/1496\/revisions"}],"wp:featuredmedia":[{"embeddable":true,"href":"https:\/\/democraciaactiva.eu\/index.php?rest_route=\/"}],"wp:attachment":[{"href":"https:\/\/democraciaactiva.eu\/index.php?rest_route=%2Fwp%2Fv2%2Fmedia&parent=1496"}],"wp:term":[{"taxonomy":"category","embeddable":true,"href":"https:\/\/democraciaactiva.eu\/index.php?rest_route=%2Fwp%2Fv2%2Fcategories&post=1496"},{"taxonomy":"post_tag","embeddable":true,"href":"https:\/\/democraciaactiva.eu\/index.php?rest_route=%2Fwp%2Fv2%2Ftags&post=1496"}],"curies":[{"name":"wp","href":"https:\/\/api.w.org\/{rel}","templated":true}]}}