{"id":1485,"date":"2018-01-14T16:38:44","date_gmt":"2018-01-14T14:38:44","guid":{"rendered":"http:\/\/democraciaactiva.eu\/?p=1485"},"modified":"2018-01-14T16:38:44","modified_gmt":"2018-01-14T14:38:44","slug":"remitiran-a-fiscalia-los-expedientes-sobre-creacion-de-barreras-en-torrelodones","status":"publish","type":"post","link":"https:\/\/democraciaactiva.eu\/?p=1485","title":{"rendered":"Remitir\u00e1n a Fiscal\u00eda los expedientes sobre creaci\u00f3n de barreras en Torrelodones"},"content":{"rendered":"<p style=\"text-align: justify;\">Tras las \u00faltimas declaraciones del Teniente de Alcalde de Torrelodones Angel Guirao de Vierna, resaltando que todas las obras en su municipio <strong>son legales porque los t\u00e9cnicos as\u00ed lo deciden<\/strong>, desde DCA se han propuesto identificar a los responsables.<\/p>\n<p><img decoding=\"async\" loading=\"lazy\" class=\"aligncenter size-medium wp-image-1483\" src=\"https:\/\/democraciaactiva.eu\/wp-content\/uploads\/2018\/01\/Guirao-300x169.jpg\" alt=\"\" width=\"300\" height=\"169\" \/><\/p>\n<p style=\"text-align: justify;\">Desde Defensa Ciudadana Activa han remitido escrito al Ayuntamiento de Torrelodones en el que les recuerdan que \u00abya en noviembre de 2.016 les remitimos solicitud respecto a las infracciones cometidas en los pasos de peatones de ciertas calles, y posteriormente se puso en conocimiento la situaci\u00f3n del Consejo de Promoci\u00f3n de la Accesibilidad y Supresi\u00f3n de Barreras de la Comunidad de Madrid, <strong>certificando el vicesecretario del Ayuntamiento de Torrelodones<\/strong> en agosto de 2.017 las infracciones cometidas, as\u00ed como que iban a <strong>proceder a su rectificaci\u00f3n ejecutando las actuaciones necesarias<\/strong> (sic)\u00bb.<\/p>\n<p>En concreto se denunciaron incumplimientos del art. 168.c del Reglamento General de Circulaci\u00f3n, del art. 12.2 y 13.1 del R.D. 505\/2007 y del art. 5.4 del Decreto 13\/2007.<a href=\"https:\/\/democraciaactiva.eu\/wp-content\/uploads\/2018\/01\/Barreras3.jpg\"> <img decoding=\"async\" loading=\"lazy\" class=\"aligncenter wp-image-1488 size-medium\" src=\"https:\/\/democraciaactiva.eu\/wp-content\/uploads\/2018\/01\/Barreras3-300x229.jpg\" alt=\"\" width=\"300\" height=\"229\" \/><\/a><\/p>\n<p style=\"text-align: justify;\">Pese a ello, no han sido informados de las actuaciones necesarias, por lo que ahora solicitan la documentaci\u00f3n t\u00e9cnica y econ\u00f3mica de las mismas, de forma que \u00ab<strong>se eval\u00fae el coste de hacer obras infringiendo las ordenanzas para luego tener que corregirlas<\/strong>\u00ab, declararon.<\/p>\n<p style=\"text-align: justify;\"><a href=\"https:\/\/democraciaactiva.eu\/wp-content\/uploads\/2018\/01\/Barreras1.jpg\"><img decoding=\"async\" loading=\"lazy\" class=\"aligncenter size-medium wp-image-1487\" src=\"https:\/\/democraciaactiva.eu\/wp-content\/uploads\/2018\/01\/Barreras1-300x225.jpg\" alt=\"\" width=\"300\" height=\"225\" \/><\/a><\/p>\n<p style=\"text-align: justify;\">Adem\u00e1s, debido a los meses que llevan este tipo de reclamaciones y la falta de voluntad para rectificar de oficio por la administraci\u00f3n local, DCA entiende que \u00abse crean situaciones claramente injustas a sabiendas, lo cual podr\u00eda incurrir en delito de <strong>prevaricaci\u00f3n<\/strong>. Adem\u00e1s el coste de unas obras que no deber\u00edan haber sido autorizadas y luego generan costes extra podr\u00eda considerarse <strong>malversaci\u00f3n<\/strong>, toda vez que los responsables tienen toda la informaci\u00f3n necesaria para evitarlo\u00bb. Por experiencia en otros expedientes \u00abhemos llegado a encontrar incluso certificados de obra totalmente distintos a lo ejecutado realmente, por lo que es necesario comprobarlo todo, y en su caso se remiten tambi\u00e9n por si existiera <strong>falsedad en documento p\u00fablico<\/strong>\u00ab, indicaron.<\/p>\n<p style=\"text-align: justify;\">De este modo, adem\u00e1s de solicitar la identificaci\u00f3n completa y competencias de los responsables que indicaba el Sr. Guirao, recuerdan a la administraci\u00f3n local su <strong>obligaci\u00f3n de poner en conocimiento de la autoridad judicial cualquier posible delito conforme al art. 408 del C\u00f3digo Penal<\/strong>, solicitando incluso si se ha iniciado alg\u00fan tipo de expediente sancionador conforme al Estatuto B\u00e1sico del Empleado P\u00fablico contra los responsables o simplemente las infracciones quedan sin responsabilidad para nadie. <a href=\"https:\/\/democraciaactiva.eu\/wp-content\/uploads\/2018\/01\/18615-1.jpg\"><img decoding=\"async\" loading=\"lazy\" class=\"aligncenter size-medium wp-image-1490\" src=\"https:\/\/democraciaactiva.eu\/wp-content\/uploads\/2018\/01\/18615-1-209x300.jpg\" alt=\"\" width=\"209\" height=\"300\" \/><\/a><a href=\"https:\/\/democraciaactiva.eu\/wp-content\/uploads\/2018\/01\/18615-2.jpg\"><img decoding=\"async\" loading=\"lazy\" class=\"aligncenter size-medium wp-image-1489\" src=\"https:\/\/democraciaactiva.eu\/wp-content\/uploads\/2018\/01\/18615-2-215x300.jpg\" alt=\"\" width=\"215\" height=\"300\" \/><\/a><\/p>\n<p style=\"text-align: justify;\">Desde la Asociaci\u00f3n se espera tener la identificaci\u00f3n clara de los responsables por parte de la administraci\u00f3n local para <strong>remitir los expedientes completos a la Fiscal\u00eda<\/strong>, continuando con los protocolos de actuaci\u00f3n marcados por su Asamblea.<\/p>\n","protected":false},"excerpt":{"rendered":"<div class=\"mh-excerpt\"><p>Tras las \u00faltimas declaraciones del Teniente de Alcalde de Torrelodones Angel Guirao de Vierna, resaltando que todas las obras en su municipio son legales porque <a class=\"mh-excerpt-more\" href=\"https:\/\/democraciaactiva.eu\/?p=1485\" title=\"Remitir\u00e1n a Fiscal\u00eda los expedientes sobre creaci\u00f3n de barreras en Torrelodones\">[&#8230;]<\/a><\/p>\n<\/div>","protected":false},"author":1,"featured_media":1487,"comment_status":"closed","ping_status":"open","sticky":false,"template":"","format":"standard","meta":[],"categories":[3,5,8],"tags":[],"_links":{"self":[{"href":"https:\/\/democraciaactiva.eu\/index.php?rest_route=\/wp\/v2\/posts\/1485"}],"collection":[{"href":"https:\/\/democraciaactiva.eu\/index.php?rest_route=\/wp\/v2\/posts"}],"about":[{"href":"https:\/\/democraciaactiva.eu\/index.php?rest_route=\/wp\/v2\/types\/post"}],"author":[{"embeddable":true,"href":"https:\/\/democraciaactiva.eu\/index.php?rest_route=\/wp\/v2\/users\/1"}],"replies":[{"embeddable":true,"href":"https:\/\/democraciaactiva.eu\/index.php?rest_route=%2Fwp%2Fv2%2Fcomments&post=1485"}],"version-history":[{"count":0,"href":"https:\/\/democraciaactiva.eu\/index.php?rest_route=\/wp\/v2\/posts\/1485\/revisions"}],"wp:featuredmedia":[{"embeddable":true,"href":"https:\/\/democraciaactiva.eu\/index.php?rest_route=\/"}],"wp:attachment":[{"href":"https:\/\/democraciaactiva.eu\/index.php?rest_route=%2Fwp%2Fv2%2Fmedia&parent=1485"}],"wp:term":[{"taxonomy":"category","embeddable":true,"href":"https:\/\/democraciaactiva.eu\/index.php?rest_route=%2Fwp%2Fv2%2Fcategories&post=1485"},{"taxonomy":"post_tag","embeddable":true,"href":"https:\/\/democraciaactiva.eu\/index.php?rest_route=%2Fwp%2Fv2%2Ftags&post=1485"}],"curies":[{"name":"wp","href":"https:\/\/api.w.org\/{rel}","templated":true}]}}