{"id":1477,"date":"2018-01-11T12:48:23","date_gmt":"2018-01-11T10:48:23","guid":{"rendered":"http:\/\/democraciaactiva.eu\/?p=1477"},"modified":"2018-01-11T12:48:23","modified_gmt":"2018-01-11T10:48:23","slug":"denuncian-badenes-ilegales-en-alcaidesa-cadiz","status":"publish","type":"post","link":"https:\/\/democraciaactiva.eu\/?p=1477","title":{"rendered":"Denuncian badenes ilegales en Alcaidesa (C\u00e1diz)"},"content":{"rendered":"<p style=\"text-align: justify;\">Tras tener conocimiento de la creaci\u00f3n en estos d\u00edas de nuevos obst\u00e1culos en las v\u00edas principales de La Alcaidesa (C\u00e1diz), desde la asociaci\u00f3n Defensa Ciudadana Activa se ha procedido a <strong>presentar denuncia<\/strong> ante el departamento de Urbanismo e informar a la Polic\u00eda Local de los hechos.<\/p>\n<p style=\"text-align: justify;\">Desde DCA consideran evidente que se ha realizado sin licencia de obras porque los obst\u00e1culos \u00abno cumplen la normativa b\u00e1sica al respecto, que en este caso ser\u00eda la <strong>Orden FOM 3053\/2008<\/strong>\u00ab.<a href=\"https:\/\/democraciaactiva.eu\/wp-content\/uploads\/2018\/01\/Badenes2.jpg\"><img decoding=\"async\" loading=\"lazy\" class=\"aligncenter size-medium wp-image-1478\" src=\"https:\/\/democraciaactiva.eu\/wp-content\/uploads\/2018\/01\/Badenes2-275x300.jpg\" alt=\"\" width=\"275\" height=\"300\" \/><\/a><\/p>\n<p style=\"text-align: justify;\">El colectivo recuerda que conforme al art. 4.a del Real Decreto Legislativo 6\/2015 (Texto refundido de la Ley de Tr\u00e1fico), la competencia de la aprobaci\u00f3n de normativa t\u00e9cnica b\u00e1sica que afecte de manera directa a <strong>la seguridad vial corresponde \u00fanicamente a la Administraci\u00f3n General del Estado<\/strong>. As\u00ed mismo el art. 5.2 del R.D. 1428\/2003 establece que \u00abno se considerar\u00e1n obst\u00e1culos en la calzada los resaltos en los pasos de peatones y bandas transversales, siempre que cumplan la regulaci\u00f3n b\u00e1sica establecida al efecto por el Ministerio de Fomento&#8230;\u00bb. Por ello desde DCA insisten en que \u00ab<strong>es imposible que ning\u00fan Ayuntamiento pueda disponer sus propias normas para la construcci\u00f3n de badenes, y mucho menos comunidades de propietarios<\/strong>, debiendo respetar la normativa b\u00e1sica Estatal\u00bb.<\/p>\n<p style=\"text-align: justify;\">Las dimensiones de estos badenes, por tanto, <strong>no pueden superar los seis cent\u00edmetros de altura, ni tener longitud inferior a cuatro metros<\/strong>. \u00bb <a href=\"https:\/\/democraciaactiva.eu\/wp-content\/uploads\/2018\/01\/Baden-asno.jpg\"><img decoding=\"async\" loading=\"lazy\" class=\"aligncenter size-medium wp-image-1479\" src=\"https:\/\/democraciaactiva.eu\/wp-content\/uploads\/2018\/01\/Baden-asno-300x207.jpg\" alt=\"\" width=\"300\" height=\"207\" \/><\/a>Sin embargo nos estamos encontrando badenes con hasta 14 cms. de altura y longitudes muy inferiores, <strong>provocando un efecto escal\u00f3n imposible de sortear sin da\u00f1os<\/strong> para algunos veh\u00edculos que s\u00ed est\u00e1n homologados. Adem\u00e1s est\u00e1 el da\u00f1o en los sistemas de suspensi\u00f3n que se produce a todos los veh\u00edculos a los que se obliga a pasar por ah\u00ed. Simplemente no est\u00e1n preparados para ir saltando esos obst\u00e1culos con la frecuencia a que los obligan, por lo que luego no funcionan correctamente pudiendo provocar accidentes en zonas de baches, curvas o con lluvia\u00bb, insistieron.<\/p>\n<p style=\"text-align: justify;\">En su petici\u00f3n a la administraci\u00f3n local, adem\u00e1s de solicitar el inicio de un expediente para la restauraci\u00f3n de la legalidad urban\u00edstica y, en su caso, sancionador contra los responsables, se solicita que <strong>se corten al tr\u00e1fico los tramos afectados por obst\u00e1culos ilegales o se se\u00f1alice expresamente las cotas de altura y batalla que puedan tener los veh\u00edculos para circular por ellas<\/strong>. \u00abHay veh\u00edculos que de saber que van a encontrar esos obst\u00e1culos podr\u00edan elegir v\u00edas alternativas, pero no se les avisa y ello les obliga a circular por este tipo de v\u00edas no aptas por los obst\u00e1culos no homologados\u00bb, finalizaron.<\/p>\n","protected":false},"excerpt":{"rendered":"<div class=\"mh-excerpt\"><p>Tras tener conocimiento de la creaci\u00f3n en estos d\u00edas de nuevos obst\u00e1culos en las v\u00edas principales de La Alcaidesa (C\u00e1diz), desde la asociaci\u00f3n Defensa Ciudadana <a class=\"mh-excerpt-more\" href=\"https:\/\/democraciaactiva.eu\/?p=1477\" title=\"Denuncian badenes ilegales en Alcaidesa (C\u00e1diz)\">[&#8230;]<\/a><\/p>\n<\/div>","protected":false},"author":1,"featured_media":1479,"comment_status":"closed","ping_status":"open","sticky":false,"template":"","format":"standard","meta":[],"categories":[5,13],"tags":[],"_links":{"self":[{"href":"https:\/\/democraciaactiva.eu\/index.php?rest_route=\/wp\/v2\/posts\/1477"}],"collection":[{"href":"https:\/\/democraciaactiva.eu\/index.php?rest_route=\/wp\/v2\/posts"}],"about":[{"href":"https:\/\/democraciaactiva.eu\/index.php?rest_route=\/wp\/v2\/types\/post"}],"author":[{"embeddable":true,"href":"https:\/\/democraciaactiva.eu\/index.php?rest_route=\/wp\/v2\/users\/1"}],"replies":[{"embeddable":true,"href":"https:\/\/democraciaactiva.eu\/index.php?rest_route=%2Fwp%2Fv2%2Fcomments&post=1477"}],"version-history":[{"count":0,"href":"https:\/\/democraciaactiva.eu\/index.php?rest_route=\/wp\/v2\/posts\/1477\/revisions"}],"wp:featuredmedia":[{"embeddable":true,"href":"https:\/\/democraciaactiva.eu\/index.php?rest_route=\/"}],"wp:attachment":[{"href":"https:\/\/democraciaactiva.eu\/index.php?rest_route=%2Fwp%2Fv2%2Fmedia&parent=1477"}],"wp:term":[{"taxonomy":"category","embeddable":true,"href":"https:\/\/democraciaactiva.eu\/index.php?rest_route=%2Fwp%2Fv2%2Fcategories&post=1477"},{"taxonomy":"post_tag","embeddable":true,"href":"https:\/\/democraciaactiva.eu\/index.php?rest_route=%2Fwp%2Fv2%2Ftags&post=1477"}],"curies":[{"name":"wp","href":"https:\/\/api.w.org\/{rel}","templated":true}]}}