{"id":1470,"date":"2018-01-08T18:32:03","date_gmt":"2018-01-08T16:32:03","guid":{"rendered":"http:\/\/democraciaactiva.eu\/?p=1470"},"modified":"2018-01-08T18:32:03","modified_gmt":"2018-01-08T16:32:03","slug":"el-nuevo-hospital-de-la-linea-incumple-las-normas-de-accesibilidad","status":"publish","type":"post","link":"https:\/\/democraciaactiva.eu\/?p=1470","title":{"rendered":"Cr\u00edticas al nuevo Hospital de La L\u00ednea por las normas de accesibilidad."},"content":{"rendered":"<p style=\"text-align: justify;\">Desde la Asociaci\u00f3n Defensa Ciudadana Activa se ha solicitado al Ayuntamiento de La L\u00ednea de la Concepci\u00f3n (C\u00e1diz)\u00a0 documentaci\u00f3n relativa a la construcci\u00f3n del nuevo Hospital Comarcal que comenz\u00f3 a utilizarse unos meses atr\u00e1s.<\/p>\n<p style=\"text-align: justify;\">En concreto se ha solicitado copia de las <strong>fichas justificativas del cumplimiento de las normas de accesibilidad, conforme a la Orden de 9 de enero de 2.012 de la Junta de Andaluc\u00eda<\/strong>, as\u00ed como otros documentos utilizados para la puesta en marcha de las zonas actualmente en uso.<a href=\"https:\/\/democraciaactiva.eu\/wp-content\/uploads\/2018\/01\/HospiLa-Linea.jpg\"><img decoding=\"async\" loading=\"lazy\" class=\"aligncenter size-medium wp-image-1471\" src=\"https:\/\/democraciaactiva.eu\/wp-content\/uploads\/2018\/01\/HospiLa-Linea-300x145.jpg\" alt=\"\" width=\"300\" height=\"145\" \/><\/a><\/p>\n<p style=\"text-align: justify;\">El motivo de esta petici\u00f3n estriba en la posibilidad de incumplimientos del Decreto 293\/2009, que regula las condiciones de los espacios p\u00fablicos para considerarse accesibles. En concreto en las zonas actualmente en uso desde DCA indican que \u00ab<strong>las plazas para personas con movilidad reducida tienen escasas rampas para acceder al acerado, sin contar con cambios de color que adviertan de ello a las personas con problemas visuales, ni contar con barandas de protecci\u00f3n de ning\u00fan tipo cuando los bordillos est\u00e1n entre un 20 y un 30 por ciento por encima del m\u00e1ximo permitido<\/strong>\u00ab<\/p>\n<p>Ello a juicio de DCA puede provocar, \u00ab<strong>adem\u00e1s de la dificultad de acceso de las personas con problemas de movilidad o visuales, posibles accidentes por personas que esperen un bordillo m\u00e1s bajo y puedan caer o resbalar<\/strong>\u00ab, informaron.<a href=\"https:\/\/democraciaactiva.eu\/wp-content\/uploads\/2018\/01\/2HospiLa-Linea.jpg\"><img decoding=\"async\" loading=\"lazy\" class=\"aligncenter wp-image-1472 size-medium\" src=\"https:\/\/democraciaactiva.eu\/wp-content\/uploads\/2018\/01\/2HospiLa-Linea-300x169.jpg\" alt=\"\" width=\"300\" height=\"169\" \/><\/a><\/p>\n<p style=\"text-align: justify;\">Aunque es posible, seg\u00fan baraja la asociaci\u00f3n, que se est\u00e9 permitiendo el acceso por zonas que a\u00fan no tendr\u00edan licencia final, caso de que faltaran cuestiones por resolver, en la documentaci\u00f3n solicitada debe aparecer con detalle el estado final \u00abte\u00f3rico\u00bb de las obras.<\/p>\n<p style=\"text-align: justify;\">\u00ab<strong>No parece previsible<\/strong> que el exceso de altura en los bordillos vaya a corregirse, ya que supondr\u00eda elevar de 2 a 4 cms. el pavimento del estacionamiento que ya est\u00e1 pintado incluso, o que vayan a cambiar zonas de suelo para se\u00f1alar visualmente las rampas, o colocar barandas de protecci\u00f3n con los dos pasamanos obligatorios, por lo que <strong>o estamos ante una chapuza m\u00e1s de la administraci\u00f3n que pasa por encima de sus propias normas, o deber\u00edan dar ejemplo<\/strong> y demostrar que es posible construir respet\u00e1ndolas\u00bb, finalizaron.<\/p>\n","protected":false},"excerpt":{"rendered":"<div class=\"mh-excerpt\"><p>Desde la Asociaci\u00f3n Defensa Ciudadana Activa se ha solicitado al Ayuntamiento de La L\u00ednea de la Concepci\u00f3n (C\u00e1diz)\u00a0 documentaci\u00f3n relativa a la construcci\u00f3n del nuevo <a class=\"mh-excerpt-more\" href=\"https:\/\/democraciaactiva.eu\/?p=1470\" title=\"Cr\u00edticas al nuevo Hospital de La L\u00ednea por las normas de accesibilidad.\">[&#8230;]<\/a><\/p>\n<\/div>","protected":false},"author":1,"featured_media":1472,"comment_status":"closed","ping_status":"open","sticky":false,"template":"","format":"standard","meta":[],"categories":[3,5,8],"tags":[],"_links":{"self":[{"href":"https:\/\/democraciaactiva.eu\/index.php?rest_route=\/wp\/v2\/posts\/1470"}],"collection":[{"href":"https:\/\/democraciaactiva.eu\/index.php?rest_route=\/wp\/v2\/posts"}],"about":[{"href":"https:\/\/democraciaactiva.eu\/index.php?rest_route=\/wp\/v2\/types\/post"}],"author":[{"embeddable":true,"href":"https:\/\/democraciaactiva.eu\/index.php?rest_route=\/wp\/v2\/users\/1"}],"replies":[{"embeddable":true,"href":"https:\/\/democraciaactiva.eu\/index.php?rest_route=%2Fwp%2Fv2%2Fcomments&post=1470"}],"version-history":[{"count":0,"href":"https:\/\/democraciaactiva.eu\/index.php?rest_route=\/wp\/v2\/posts\/1470\/revisions"}],"wp:featuredmedia":[{"embeddable":true,"href":"https:\/\/democraciaactiva.eu\/index.php?rest_route=\/"}],"wp:attachment":[{"href":"https:\/\/democraciaactiva.eu\/index.php?rest_route=%2Fwp%2Fv2%2Fmedia&parent=1470"}],"wp:term":[{"taxonomy":"category","embeddable":true,"href":"https:\/\/democraciaactiva.eu\/index.php?rest_route=%2Fwp%2Fv2%2Fcategories&post=1470"},{"taxonomy":"post_tag","embeddable":true,"href":"https:\/\/democraciaactiva.eu\/index.php?rest_route=%2Fwp%2Fv2%2Ftags&post=1470"}],"curies":[{"name":"wp","href":"https:\/\/api.w.org\/{rel}","templated":true}]}}