{"id":1465,"date":"2017-12-28T15:38:36","date_gmt":"2017-12-28T13:38:36","guid":{"rendered":"http:\/\/democraciaactiva.eu\/?p=1465"},"modified":"2017-12-28T15:38:36","modified_gmt":"2017-12-28T13:38:36","slug":"dca-informa-a-la-secretaria-de-san-roque-sobre-irregularidades-en-el-consistorio","status":"publish","type":"post","link":"https:\/\/democraciaactiva.eu\/?p=1465","title":{"rendered":"DCA informa a la Secretaria de San Roque sobre irregularidades en el Consistorio"},"content":{"rendered":"<p style=\"text-align: justify;\">Tras la remisi\u00f3n por parte de la Secretar\u00eda General de San Roque, en cumplimiento del art. 408 del C.P., a la Fiscal\u00eda de informaci\u00f3n sobre irregularidades en la gesti\u00f3n municipal, desde DCA se ha optado por poner igualmente en su conocimiento las irregularidades que pudieran constituir posibles delitos.<\/p>\n<p style=\"text-align: justify;\">\u00abLa Secretar\u00eda General dispone de toda la informaci\u00f3n del Ayuntamiento, adem\u00e1s de sus amplios conocimientos jur\u00eddicos, por lo que entendemos es la id\u00f3nea para derivar los expedientes, en su caso, a la Fiscal\u00eda para que se aclaren ciertas actuaciones\u00bb, informaron.<\/p>\n<p style=\"text-align: justify;\">En este primer caso desde Defensa Ciudadana Activa se le ha trasladado la diferencia entre los tr\u00e1mites que deben superar los vecinos para poder abrir sus empresas, esperando meses o incluso a\u00f1os para poder trabajar,\u00a0 que desde el colectivo se considera puede deberse a la falta de capacidad de los servicios municipales para atender todas las peticiones, mientras que en otros casos <strong>desde la Alcald\u00eda y concejales responsables se promocionan determinadas empresas sin que hayan superado estos tr\u00e1mites<\/strong>, seg\u00fan se desprende de la informaci\u00f3n municipal.<a href=\"https:\/\/democraciaactiva.eu\/wp-content\/uploads\/2017\/12\/Inauguracion.jpg\"><img decoding=\"async\" loading=\"lazy\" class=\"aligncenter size-medium wp-image-1466\" src=\"https:\/\/democraciaactiva.eu\/wp-content\/uploads\/2017\/12\/Inauguracion-193x300.jpg\" alt=\"\" width=\"193\" height=\"300\" \/><\/a><\/p>\n<p style=\"text-align: justify;\">\u00abEl a\u00f1o pasado recibimos decreto de octubre de 2.015 por los que se propon\u00eda, sin permitirlo a\u00fan, la apertura de de una gran superficie en la zona norte del municipio. Lo llamativo era que<strong> un a\u00f1o antes de ese decreto , en octubre de 2.014, el propio Alcalde junto al Concejal Delegado proced\u00edan a inaugurar el establecimiento con la asistencia de los medios de comunicaci\u00f3n municipales<\/strong>\u00ab. Por este motivo desde DCA no se comprende que <strong>se dediquen medios municipales a informar de la apertura de establecimientos presuntamente sin licencia<\/strong>, y l\u00f3gicamente se mantengan durante a\u00f1os pese a tener la documentaci\u00f3n en tr\u00e1mite, m\u00e1xime cuando otros empresarios locales se quejan de retrasos que les han llevado a esperar a\u00f1os para poder trasladar sus centros de trabajo.<a href=\"https:\/\/democraciaactiva.eu\/wp-content\/uploads\/2017\/12\/Licencia.jpg\"><img decoding=\"async\" loading=\"lazy\" class=\"aligncenter wp-image-1467 size-medium\" src=\"https:\/\/democraciaactiva.eu\/wp-content\/uploads\/2017\/12\/Licencia-300x229.jpg\" alt=\"\" width=\"300\" height=\"229\" \/><\/a><\/p>\n<p style=\"text-align: justify;\">No cabe en estos casos alegar desconocimiento, afirman desde DCA, ya que el primer edil es quien firma los decretos y los restantes, si asisten a una inauguraci\u00f3n dedicando esfuerzos municipales a su promoci\u00f3n, deben conocer igualmente la situaci\u00f3n del mismo. Del mismo modo DCA resalta <strong>el conocimiento del edil Juan Jos\u00e9 Serv\u00e1n del asunto<\/strong>, al facilitarles el decreto que refleja la ausencia de licencias en la inauguraci\u00f3n, por lo que esperan que dada su funci\u00f3n anterior de control y fiscalizaci\u00f3n del gobierno municipal hiciera las gestiones oportunas, <strong>\u00absalvo que el silencio sobre las irregularidades formara parte de su pacto de gobierno\u00bb<\/strong>, cuestionan.<\/p>\n<p style=\"text-align: justify;\">Dado que existen documentos que se desconocen, como la licencia de apertura definitiva, responsables municipales afectados, etc., desde Defensa Ciudadana Activa esperan que la Secretar\u00eda General remita esta cuesti\u00f3n a la Fiscal\u00eda complet\u00e1ndola con la documentaci\u00f3n que se encuentre en su poder. En caso de que esto no ocurriera, se solicitar\u00eda dicha documentaci\u00f3n y se remitir\u00eda el expediente directamente desde la Asociaci\u00f3n.<\/p>\n","protected":false},"excerpt":{"rendered":"<div class=\"mh-excerpt\"><p>Tras la remisi\u00f3n por parte de la Secretar\u00eda General de San Roque, en cumplimiento del art. 408 del C.P., a la Fiscal\u00eda de informaci\u00f3n sobre <a class=\"mh-excerpt-more\" href=\"https:\/\/democraciaactiva.eu\/?p=1465\" title=\"DCA informa a la Secretaria de San Roque sobre irregularidades en el Consistorio\">[&#8230;]<\/a><\/p>\n<\/div>","protected":false},"author":1,"featured_media":1466,"comment_status":"closed","ping_status":"open","sticky":false,"template":"","format":"standard","meta":[],"categories":[5],"tags":[20,27,29],"_links":{"self":[{"href":"https:\/\/democraciaactiva.eu\/index.php?rest_route=\/wp\/v2\/posts\/1465"}],"collection":[{"href":"https:\/\/democraciaactiva.eu\/index.php?rest_route=\/wp\/v2\/posts"}],"about":[{"href":"https:\/\/democraciaactiva.eu\/index.php?rest_route=\/wp\/v2\/types\/post"}],"author":[{"embeddable":true,"href":"https:\/\/democraciaactiva.eu\/index.php?rest_route=\/wp\/v2\/users\/1"}],"replies":[{"embeddable":true,"href":"https:\/\/democraciaactiva.eu\/index.php?rest_route=%2Fwp%2Fv2%2Fcomments&post=1465"}],"version-history":[{"count":0,"href":"https:\/\/democraciaactiva.eu\/index.php?rest_route=\/wp\/v2\/posts\/1465\/revisions"}],"wp:featuredmedia":[{"embeddable":true,"href":"https:\/\/democraciaactiva.eu\/index.php?rest_route=\/"}],"wp:attachment":[{"href":"https:\/\/democraciaactiva.eu\/index.php?rest_route=%2Fwp%2Fv2%2Fmedia&parent=1465"}],"wp:term":[{"taxonomy":"category","embeddable":true,"href":"https:\/\/democraciaactiva.eu\/index.php?rest_route=%2Fwp%2Fv2%2Fcategories&post=1465"},{"taxonomy":"post_tag","embeddable":true,"href":"https:\/\/democraciaactiva.eu\/index.php?rest_route=%2Fwp%2Fv2%2Ftags&post=1465"}],"curies":[{"name":"wp","href":"https:\/\/api.w.org\/{rel}","templated":true}]}}