{"id":1455,"date":"2017-11-28T14:02:21","date_gmt":"2017-11-28T12:02:21","guid":{"rendered":"http:\/\/democraciaactiva.eu\/?p=1455"},"modified":"2017-11-28T14:02:21","modified_gmt":"2017-11-28T12:02:21","slug":"dca-pide-documentacion-sobre-las-contrataciones-en-san-roque","status":"publish","type":"post","link":"https:\/\/democraciaactiva.eu\/?p=1455","title":{"rendered":"DCA pide documentaci\u00f3n sobre las contrataciones en San Roque"},"content":{"rendered":"<p style=\"text-align: justify;\">Tras la publicaci\u00f3n en el Bolet\u00edn Oficial de la Provincia de la Oferta de Empleo P\u00fablico de San Roque para 2.017, desde DCA se ha solicitado documentaci\u00f3n del expediente a fin de conocer los criterios que se est\u00e1n aplicando en este municipio.<\/p>\n<p style=\"text-align: justify;\">Llam\u00f3 la atenci\u00f3n del expediente que fueran para \u00abpromoci\u00f3n interna\u00bb, con lo que est\u00e1n reservados a personal que ya trabaja en el Consistorio, y la pol\u00e9mica surgi\u00f3 cuando <strong>la ciudadan\u00eda se pregunta c\u00f3mo se llega a esos puestos de origen en el Ayuntamiento<\/strong>.<\/p>\n<p style=\"text-align: justify;\">No pasa desapercibido que <strong>familiares y militantes de los partidos gobernantes suelen llegar a puestos de la administraci\u00f3n con asombrosa facilidad<\/strong>, con lo que es l\u00f3gico que el resto de ciudadanos se pregunte si tienen alguna preparaci\u00f3n especial o el resto no cumple requisitos que deber\u00edan tener en cuenta. Por ello desde DCA solicita conocer c\u00f3mo se resuelve la promoci\u00f3n, y qu\u00e9puestos de origen que dan lugar a ello.<a href=\"https:\/\/democraciaactiva.eu\/wp-content\/uploads\/2017\/11\/Empleo-San-Roque.jpg\"><img decoding=\"async\" loading=\"lazy\" class=\"aligncenter size-medium wp-image-1456\" src=\"https:\/\/democraciaactiva.eu\/wp-content\/uploads\/2017\/11\/Empleo-San-Roque-263x300.jpg\" alt=\"\" width=\"263\" height=\"300\" \/><\/a><\/p>\n<p style=\"text-align: justify;\"><strong>Cabe recordar que meses atr\u00e1s miembros de DCA \u00abadivinaron\u00bb qu\u00e9 agente ser\u00eda designado para una plaza en la Polic\u00eda Local meses antes de que concluyera el procedimiento<\/strong>, para lo cual incluso tuvo que descalificarse a otro aspirante. Por ello, \u00abaunque no hay dudas sobre la legalidad de los procedimientos, entendemos que <strong>la ciudadan\u00eda tiene derecho a saber c\u00f3mo pueden ser tan previsibles<\/strong>\u00ab, indicaron.<a href=\"https:\/\/democraciaactiva.eu\/wp-content\/uploads\/2017\/11\/S17609.jpg\"><img decoding=\"async\" loading=\"lazy\" class=\"aligncenter size-medium wp-image-1460\" src=\"https:\/\/democraciaactiva.eu\/wp-content\/uploads\/2017\/11\/S17609-212x300.jpg\" alt=\"\" width=\"212\" height=\"300\" \/><\/a><\/p>\n<p style=\"text-align: justify;\">En otro caso concreto, como el del <strong>Secretario de Organizaci\u00f3n del PSOE sanroque\u00f1o, Inti Ortega Tobar, cuya funci\u00f3n se desconoce en el Ayuntamiento<\/strong>, \u00abresulta muy llamativo porque es uno de esos casos donde <strong>se desconoce qu\u00e9 trabajo u horario tiene asignado, aunque es f\u00e1cil verle intervenir en redes sociales cuando el resto de sus compa\u00f1eros se encuentran trabajando<\/strong>. No es dif\u00edcil imaginar que muchos ciudadanos sin trabajo querr\u00edan saber qu\u00e9 requisitos hay que cumplir y qu\u00e9 condiciones de trabajo tienen esos puestos, por lo que hemos solicitado copia del expediente de designaci\u00f3n de este trabajador, como <strong>ejemplo de transparencia de esta parte de la actividad municipal que tanta pol\u00e9mica suscita, con el fin de despejar dudas sobre cualquier supuesto trato de favor por su partido pol\u00edtico<\/strong>.\u00bb, finalizaron.<\/p>\n","protected":false},"excerpt":{"rendered":"<div class=\"mh-excerpt\"><p>Tras la publicaci\u00f3n en el Bolet\u00edn Oficial de la Provincia de la Oferta de Empleo P\u00fablico de San Roque para 2.017, desde DCA se ha <a class=\"mh-excerpt-more\" href=\"https:\/\/democraciaactiva.eu\/?p=1455\" title=\"DCA pide documentaci\u00f3n sobre las contrataciones en San Roque\">[&#8230;]<\/a><\/p>\n<\/div>","protected":false},"author":1,"featured_media":1456,"comment_status":"closed","ping_status":"open","sticky":false,"template":"","format":"standard","meta":[],"categories":[5,19],"tags":[],"_links":{"self":[{"href":"https:\/\/democraciaactiva.eu\/index.php?rest_route=\/wp\/v2\/posts\/1455"}],"collection":[{"href":"https:\/\/democraciaactiva.eu\/index.php?rest_route=\/wp\/v2\/posts"}],"about":[{"href":"https:\/\/democraciaactiva.eu\/index.php?rest_route=\/wp\/v2\/types\/post"}],"author":[{"embeddable":true,"href":"https:\/\/democraciaactiva.eu\/index.php?rest_route=\/wp\/v2\/users\/1"}],"replies":[{"embeddable":true,"href":"https:\/\/democraciaactiva.eu\/index.php?rest_route=%2Fwp%2Fv2%2Fcomments&post=1455"}],"version-history":[{"count":0,"href":"https:\/\/democraciaactiva.eu\/index.php?rest_route=\/wp\/v2\/posts\/1455\/revisions"}],"wp:featuredmedia":[{"embeddable":true,"href":"https:\/\/democraciaactiva.eu\/index.php?rest_route=\/"}],"wp:attachment":[{"href":"https:\/\/democraciaactiva.eu\/index.php?rest_route=%2Fwp%2Fv2%2Fmedia&parent=1455"}],"wp:term":[{"taxonomy":"category","embeddable":true,"href":"https:\/\/democraciaactiva.eu\/index.php?rest_route=%2Fwp%2Fv2%2Fcategories&post=1455"},{"taxonomy":"post_tag","embeddable":true,"href":"https:\/\/democraciaactiva.eu\/index.php?rest_route=%2Fwp%2Fv2%2Ftags&post=1455"}],"curies":[{"name":"wp","href":"https:\/\/api.w.org\/{rel}","templated":true}]}}