{"id":1448,"date":"2017-11-03T13:17:07","date_gmt":"2017-11-03T11:17:07","guid":{"rendered":"http:\/\/democraciaactiva.eu\/?p=1448"},"modified":"2017-11-03T13:17:07","modified_gmt":"2017-11-03T11:17:07","slug":"denuncian-las-capturas-de-felinos-en-la-reserva-de-sotogrande-cadiz","status":"publish","type":"post","link":"https:\/\/democraciaactiva.eu\/?p=1448","title":{"rendered":"Denuncian las capturas de felinos en La Reserva de Sotogrande (C\u00e1diz)"},"content":{"rendered":"<p style=\"text-align: justify;\">Tras las noticias conocidas estos d\u00edas sobre la repetici\u00f3n al parecer de maniobras para la <strong>captura de gatos salvajes en la urbanizaci\u00f3n de Los Cortijos de La Reserva<\/strong>, en Sotogrande (C\u00e1diz), desde la Asociaci\u00f3n Defensa Ciudadana Activa se ha puesto en conocimiento de la Polic\u00eda Local como autoridad competente para inspeccionar esta situaci\u00f3n.<a href=\"https:\/\/democraciaactiva.eu\/wp-content\/uploads\/2017\/11\/Gatos-Reserva.jpg\"><img decoding=\"async\" loading=\"lazy\" class=\"aligncenter wp-image-1450 size-medium\" src=\"https:\/\/democraciaactiva.eu\/wp-content\/uploads\/2017\/11\/Gatos-Reserva-289x300.jpg\" alt=\"\" width=\"289\" height=\"300\" \/><\/a><\/p>\n<p style=\"text-align: justify;\">\u00abEn primer lugar nos pusimos en contacto con personal de los centros de recogida de animales de la zona, que desconoc\u00edan el destino que se podr\u00eda dar a los felinos descartando que fueran a sus instalaciones. Posteriormente <strong>se contact\u00f3 con la autoridad auton\u00f3mica competente, al tratarse de posibles infracciones graves de la Ley de Protecci\u00f3n Animal<\/strong> que no pueden ser sancionadas por los Ayuntamientos, derivando a la Polic\u00eda Local como autoridad inspectora local.\u00bb, indicaron.<a href=\"https:\/\/democraciaactiva.eu\/wp-content\/uploads\/2017\/11\/S17601-1.jpg\"><img decoding=\"async\" loading=\"lazy\" class=\"aligncenter wp-image-1449 size-medium\" src=\"https:\/\/democraciaactiva.eu\/wp-content\/uploads\/2017\/11\/S17601-1-211x300.jpg\" alt=\"\" width=\"211\" height=\"300\" \/><\/a><\/p>\n<p style=\"text-align: justify;\">Por anteriores expedientes sobre protecci\u00f3n animal en San Roque, desde DCA tienen claro que \u00abhasta la fecha <strong>la Polic\u00eda Local ha paralizado todos los expedientes<\/strong> abiertos, y desde la propia Alcald\u00eda y la Jefatura de Polic\u00eda Local se ha negado la identificaci\u00f3n de los responsables de estos expedientes. <strong>No obstante, es un paso obligado<\/strong> que debemos dar antes de escalarlo a otras instituciones ante <strong>el problema que supone una Polic\u00eda Local tan pasiva<\/strong>\u00ab, criticaron.<\/p>\n<p style=\"text-align: justify;\">Desde DCA se esperar\u00e1 un plazo prudencial antes de iniciar otras acciones por este expediente concreto, aunque entendiendo que los responsables de la paralizaci\u00f3n de las denuncias ser\u00e1n los mismos, \u00ab<strong>se continuar\u00e1n los anteriores a trav\u00e9s de las instituciones competentes para aclarar los motivos de la negativa de Polic\u00eda Local a actuar en materias de su competencia<\/strong>\u00ab, finalizaron.<\/p>\n","protected":false},"excerpt":{"rendered":"<div class=\"mh-excerpt\"><p>Tras las noticias conocidas estos d\u00edas sobre la repetici\u00f3n al parecer de maniobras para la captura de gatos salvajes en la urbanizaci\u00f3n de Los Cortijos <a class=\"mh-excerpt-more\" href=\"https:\/\/democraciaactiva.eu\/?p=1448\" title=\"Denuncian las capturas de felinos en La Reserva de Sotogrande (C\u00e1diz)\">[&#8230;]<\/a><\/p>\n<\/div>","protected":false},"author":1,"featured_media":1450,"comment_status":"closed","ping_status":"open","sticky":false,"template":"","format":"standard","meta":[],"categories":[12,13,14],"tags":[],"_links":{"self":[{"href":"https:\/\/democraciaactiva.eu\/index.php?rest_route=\/wp\/v2\/posts\/1448"}],"collection":[{"href":"https:\/\/democraciaactiva.eu\/index.php?rest_route=\/wp\/v2\/posts"}],"about":[{"href":"https:\/\/democraciaactiva.eu\/index.php?rest_route=\/wp\/v2\/types\/post"}],"author":[{"embeddable":true,"href":"https:\/\/democraciaactiva.eu\/index.php?rest_route=\/wp\/v2\/users\/1"}],"replies":[{"embeddable":true,"href":"https:\/\/democraciaactiva.eu\/index.php?rest_route=%2Fwp%2Fv2%2Fcomments&post=1448"}],"version-history":[{"count":0,"href":"https:\/\/democraciaactiva.eu\/index.php?rest_route=\/wp\/v2\/posts\/1448\/revisions"}],"wp:featuredmedia":[{"embeddable":true,"href":"https:\/\/democraciaactiva.eu\/index.php?rest_route=\/"}],"wp:attachment":[{"href":"https:\/\/democraciaactiva.eu\/index.php?rest_route=%2Fwp%2Fv2%2Fmedia&parent=1448"}],"wp:term":[{"taxonomy":"category","embeddable":true,"href":"https:\/\/democraciaactiva.eu\/index.php?rest_route=%2Fwp%2Fv2%2Fcategories&post=1448"},{"taxonomy":"post_tag","embeddable":true,"href":"https:\/\/democraciaactiva.eu\/index.php?rest_route=%2Fwp%2Fv2%2Ftags&post=1448"}],"curies":[{"name":"wp","href":"https:\/\/api.w.org\/{rel}","templated":true}]}}