{"id":144,"date":"2014-03-30T14:32:39","date_gmt":"2014-03-30T13:32:39","guid":{"rendered":"http:\/\/democraciaactiva.eu\/?p=144"},"modified":"2014-03-30T14:32:39","modified_gmt":"2014-03-30T13:32:39","slug":"piden-mejoras-en-la-calle-concepcion-por-el-alto-riesgo-de-accidentes","status":"publish","type":"post","link":"https:\/\/democraciaactiva.eu\/?p=144","title":{"rendered":"Piden mejoras en la calle Concepci\u00f3n por el alto riesgo de accidentes."},"content":{"rendered":"<p>Tras dedicar operarios de obras y servicios varios d\u00edas a una supuesta \u201cactuaci\u00f3n\u201d en la calle Francisco Mart\u00edn, no parecen haber observado que a\u00fan est\u00e1n sin finalizar las que ejecutaron a\u00f1os atr\u00e1s en la calle Concepci\u00f3n, ubicada unos metros m\u00e1s adelante en la Avenida Mar del Sur.<\/p>\n<p>En la salida de esta calle se encuentran<strong> varios contenedores que hacen imposible su utilizaci\u00f3n en doble sentido, lo cual ha llegado a provocar accidentes<\/strong> como la colisi\u00f3n de un ciclomotor meses atr\u00e1s con el contenedor de vidrio al cruzarse con un turismo. Por ello vecinos de la zona han solicitado sin respuesta la recolocaci\u00f3n de estos contenedores, se\u00f1alando como lugar ideal unos metros m\u00e1s adelante en la Avda. Mar del Sur, justo al lado de la propia v\u00eda principal.<\/p>\n<p>Adem\u00e1s de la ubicaci\u00f3n de los contenedores, <strong>el mayor peligro se encuentra en la situaci\u00f3n del asfaltado de la v\u00eda<\/strong>, donde en apenas 30 metros podemos encontrar desde agujeros, mallas met\u00e1licas descubiertas, <strong>hasta las propias garras de un quitamiendos que se retir\u00f3 en el pasado dejando los restos como trampa para cualquier autom\u00f3vil que pase por all\u00ed.<\/strong><\/p>\n<p>\u201cPocos accidentes han ocurrido ya que <strong>cualquier ciudadano que entre en esa v\u00eda y no se percate de la trampa puede reventar sus neum\u00e1ticos con demasiada facilidad<\/strong>. La responsabilidad evidentemente no ser\u00eda de los conductores porque adem\u00e1s de ser imprevisible est\u00e1 en la zona de salida de una v\u00eda principal y nadie esperar\u00eda encontrarse hierros saliendo del asfalto en ese lugar.\u201d, denunciaron.<\/p>\n<p>Por ello desde Defensa Ciudadana Activa se solicitar\u00e1 informaci\u00f3n al Ayuntamiento de San Roque sobre el motivo de la ubicaci\u00f3n de contenedores en zona de doble sentido sin dejar espacio suficiente, as\u00ed como por el motivo de mantener los restos de quitamiedos en un lugar tan peligroso.<\/p>\n<p>Actualmente se va a proceder a un plan de asfaltado de distintas v\u00edas por lo que esperan que, una vez comunicado el peligro, sea una de las prioritarias <strong>\u201csobre todo por la necesaria retirada urgente de los hierros.\u201d<\/strong>, finalizaron.<a href=\"https:\/\/democraciaactiva.eu\/wp-content\/uploads\/2014\/03\/Re-Torreguadiaro-2-1.jpg\"><img decoding=\"async\" loading=\"lazy\" class=\"aligncenter size-medium wp-image-141\" alt=\"Re Torreguadiaro 2-1\" src=\"https:\/\/democraciaactiva.eu\/wp-content\/uploads\/2014\/03\/Re-Torreguadiaro-2-1-300x225.jpg\" width=\"300\" height=\"225\" \/><\/a> <a href=\"https:\/\/democraciaactiva.eu\/wp-content\/uploads\/2014\/03\/Re-Torreguadiaro-2-2.jpg\"><img decoding=\"async\" loading=\"lazy\" class=\"aligncenter size-medium wp-image-140\" alt=\"Re Torreguadiaro 2-2\" src=\"https:\/\/democraciaactiva.eu\/wp-content\/uploads\/2014\/03\/Re-Torreguadiaro-2-2-300x225.jpg\" width=\"300\" height=\"225\" \/><\/a> <a href=\"https:\/\/democraciaactiva.eu\/wp-content\/uploads\/2014\/03\/Re-Torreguadiaro-2-3.jpg\"><img decoding=\"async\" loading=\"lazy\" class=\"aligncenter size-medium wp-image-139\" alt=\"Re Torreguadiaro 2-3\" src=\"https:\/\/democraciaactiva.eu\/wp-content\/uploads\/2014\/03\/Re-Torreguadiaro-2-3-300x225.jpg\" width=\"300\" height=\"225\" \/><\/a> <a href=\"https:\/\/democraciaactiva.eu\/wp-content\/uploads\/2014\/03\/Re-Torreguadiaro-2-4.jpg\"><img decoding=\"async\" loading=\"lazy\" class=\"aligncenter size-medium wp-image-138\" alt=\"Re Torreguadiaro 2-4\" src=\"https:\/\/democraciaactiva.eu\/wp-content\/uploads\/2014\/03\/Re-Torreguadiaro-2-4-300x225.jpg\" width=\"300\" height=\"225\" \/><\/a> <a href=\"https:\/\/democraciaactiva.eu\/wp-content\/uploads\/2014\/03\/Re-Torreguadiaro-2-5.jpg\"><img decoding=\"async\" loading=\"lazy\" class=\"aligncenter size-medium wp-image-137\" alt=\"Re Torreguadiaro 2-5\" src=\"https:\/\/democraciaactiva.eu\/wp-content\/uploads\/2014\/03\/Re-Torreguadiaro-2-5-300x225.jpg\" width=\"300\" height=\"225\" \/><\/a> <a href=\"https:\/\/democraciaactiva.eu\/wp-content\/uploads\/2014\/03\/Re-Torreguadiaro-2-6.jpg\"><img decoding=\"async\" loading=\"lazy\" class=\"aligncenter size-medium wp-image-136\" alt=\"Re Torreguadiaro 2-6\" src=\"https:\/\/democraciaactiva.eu\/wp-content\/uploads\/2014\/03\/Re-Torreguadiaro-2-6-300x225.jpg\" width=\"300\" height=\"225\" \/><\/a> <\/p>\n","protected":false},"excerpt":{"rendered":"<div class=\"mh-excerpt\"><p>Tras dedicar operarios de obras y servicios varios d\u00edas a una supuesta \u201cactuaci\u00f3n\u201d en la calle Francisco Mart\u00edn, no parecen haber observado que a\u00fan est\u00e1n <a class=\"mh-excerpt-more\" href=\"https:\/\/democraciaactiva.eu\/?p=144\" title=\"Piden mejoras en la calle Concepci\u00f3n por el alto riesgo de accidentes.\">[&#8230;]<\/a><\/p>\n<\/div>","protected":false},"author":1,"featured_media":0,"comment_status":"open","ping_status":"open","sticky":false,"template":"","format":"standard","meta":[],"categories":[12],"tags":[],"_links":{"self":[{"href":"https:\/\/democraciaactiva.eu\/index.php?rest_route=\/wp\/v2\/posts\/144"}],"collection":[{"href":"https:\/\/democraciaactiva.eu\/index.php?rest_route=\/wp\/v2\/posts"}],"about":[{"href":"https:\/\/democraciaactiva.eu\/index.php?rest_route=\/wp\/v2\/types\/post"}],"author":[{"embeddable":true,"href":"https:\/\/democraciaactiva.eu\/index.php?rest_route=\/wp\/v2\/users\/1"}],"replies":[{"embeddable":true,"href":"https:\/\/democraciaactiva.eu\/index.php?rest_route=%2Fwp%2Fv2%2Fcomments&post=144"}],"version-history":[{"count":0,"href":"https:\/\/democraciaactiva.eu\/index.php?rest_route=\/wp\/v2\/posts\/144\/revisions"}],"wp:attachment":[{"href":"https:\/\/democraciaactiva.eu\/index.php?rest_route=%2Fwp%2Fv2%2Fmedia&parent=144"}],"wp:term":[{"taxonomy":"category","embeddable":true,"href":"https:\/\/democraciaactiva.eu\/index.php?rest_route=%2Fwp%2Fv2%2Fcategories&post=144"},{"taxonomy":"post_tag","embeddable":true,"href":"https:\/\/democraciaactiva.eu\/index.php?rest_route=%2Fwp%2Fv2%2Ftags&post=144"}],"curies":[{"name":"wp","href":"https:\/\/api.w.org\/{rel}","templated":true}]}}