{"id":1426,"date":"2017-10-16T18:48:35","date_gmt":"2017-10-16T16:48:35","guid":{"rendered":"http:\/\/democraciaactiva.eu\/?p=1426"},"modified":"2017-10-16T18:48:35","modified_gmt":"2017-10-16T16:48:35","slug":"la-policia-local-de-san-roque-censura-a-dca-en-sus-redes-sociales","status":"publish","type":"post","link":"https:\/\/democraciaactiva.eu\/?p=1426","title":{"rendered":"La Polic\u00eda Local de San Roque censura a DCA en sus redes sociales"},"content":{"rendered":"<p style=\"text-align: justify;\">Desde la Asociaci\u00f3n Defensa Ciudadana Activa se ha criticado la actitud demostrada en el perfil oficial de la Polic\u00eda Local de San Roque en redes sociales, y m\u00e1s concretamente en Facebook.<\/p>\n<p style=\"text-align: justify;\">Durante estos d\u00edas, desde la Asociaci\u00f3n se dejaron algunos mensajes en esta p\u00e1gina criticando la prioridad que demostraban por situaciones que no eran de su competencia, como recordar la distancia de seguridad ante ciclistas en carretera \u00abcuando <strong>en las calles tenemos que guardar distancia entre carros de beb\u00e9 o sillas de discapacitados porque permiten que las aceras est\u00e9n ocupadas al 100% por mesas y sillas<\/strong>\u00ab, criticaban.<a href=\"https:\/\/democraciaactiva.eu\/wp-content\/uploads\/2017\/10\/27e4b6fd178cc7a740eaf3c231aade45.jpg\"><img decoding=\"async\" loading=\"lazy\" class=\"aligncenter size-medium wp-image-1427\" src=\"https:\/\/democraciaactiva.eu\/wp-content\/uploads\/2017\/10\/27e4b6fd178cc7a740eaf3c231aade45-209x300.jpg\" alt=\"\" width=\"209\" height=\"300\" \/><\/a><\/p>\n<p style=\"text-align: justify;\">Desde la Asociaci\u00f3n se continu\u00f3 criticando un post en el que se calificaba de seguridad el repintado de los pasos de peatones, cuando a juicio de la Asociaci\u00f3n <strong>es m\u00e1s importante eliminar los escalones de la acera que impiden el uso por todos los ciudadanos,\u00a0 recordando que este tipo de bordillos vulneran la legislaci\u00f3n vigente sobre accesibilidad<\/strong>.<\/p>\n<p><a href=\"https:\/\/democraciaactiva.eu\/wp-content\/uploads\/2017\/10\/f5efbeaab556dce54f25cb1cf44facd0.jpg\"><img decoding=\"async\" loading=\"lazy\" class=\"aligncenter size-medium wp-image-1428\" src=\"https:\/\/democraciaactiva.eu\/wp-content\/uploads\/2017\/10\/f5efbeaab556dce54f25cb1cf44facd0-230x300.jpg\" alt=\"\" width=\"230\" height=\"300\" \/><\/a><\/p>\n<p style=\"text-align: justify;\">Adem\u00e1s DCA recalc\u00f3, en un post de la Polic\u00eda Local animando a la ciudadan\u00eda a denunciar a los v\u00e1ndalos, que \u00ablos ciudadanos, operarios de limpieza, etc. llevan a\u00f1os viendo los d\u00edas y horas a los que se re\u00fanen v\u00e1ndalos para romper mobiliario urbano, edificios privados, pintar las paredes, y un largo etc\u00e9tera, pero nunca ha pasado una patrulla por all\u00ed\u00bb, por lo que <strong>pidieron a la Polic\u00eda Local que ante las denuncias, act\u00faen.<\/strong><a href=\"https:\/\/democraciaactiva.eu\/wp-content\/uploads\/2017\/10\/51e813c718bf588b19d78c25762e3ea8.jpg\"><img decoding=\"async\" loading=\"lazy\" class=\"aligncenter size-medium wp-image-1429\" src=\"https:\/\/democraciaactiva.eu\/wp-content\/uploads\/2017\/10\/51e813c718bf588b19d78c25762e3ea8-192x300.jpg\" alt=\"\" width=\"192\" height=\"300\" \/><\/a><\/p>\n<p style=\"text-align: justify;\"><strong>A ra\u00edz de estas cr\u00edticas en la p\u00e1gina oficial de la Polic\u00eda Local de San Roque se ha procedido a eliminar todos los comentarios de esta Asociaci\u00f3n<\/strong>, al parecer porque \u00abno se permiten comentarios en la p\u00e1gina oficial de la Polic\u00eda Local, animando a la asociaci\u00f3n a utilizar los cauces oficiales\u00bb. Sin embargo, como pudo comprobarse hasta hoy mismo exist\u00edan comentarios del edil David Ramos que no hab\u00edan sido eliminados, por lo que la excusa no ha convencido a DCA.<\/p>\n<p style=\"text-align: justify;\">No obstante, resaltan desde Defensa Ciudadana Activa que, \u00abaceptamos las reglas del juego que nos impongan, pero <strong>si quieren crear p\u00e1ginas oficiales para autobombo censurando a los ciudadanos tendr\u00e1n que esforzarse m\u00e1s<\/strong>\u00ab, indicaron recordando que en twitter no pueden eliminar sus respuestas.<\/p>\n<p style=\"text-align: justify;\">Desde DCA se ha remitido una solicitud al Ayuntamiento de San Roque para que les remita la documentaci\u00f3n administrativa que justifique el uso de los s\u00edmbolos de la ciudad en esos perfiles, as\u00ed como la identidad de los responsables de los mismos.<a href=\"https:\/\/democraciaactiva.eu\/wp-content\/uploads\/2017\/10\/17597.jpg\"><img decoding=\"async\" loading=\"lazy\" class=\"aligncenter wp-image-1430 size-medium\" src=\"https:\/\/democraciaactiva.eu\/wp-content\/uploads\/2017\/10\/17597-212x300.jpg\" alt=\"\" width=\"212\" height=\"300\" \/><\/a><\/p>\n<p style=\"text-align: justify;\">\u00abTenemos constancia de las comunicaciones enviadas a la Polic\u00eda Local ya que no eliminan los comentarios instant\u00e1neamente, pero no sabemos qui\u00e9n los recibe, por lo que como en toda administraci\u00f3n <strong>deben identificar al responsable de la gesti\u00f3n de ese \u00e1rea municipal<\/strong> a los efectos oportunos. <strong>No es de recibo que animen a denunciar actos vand\u00e1licos y cuando se les informa en su perfil oficial simplemente eliminen los comentarios alegando que no es la ventanilla correcta<\/strong>\u00ab<a href=\"https:\/\/democraciaactiva.eu\/wp-content\/uploads\/2017\/10\/Policia-Local-Bloqueado.jpg\"><img decoding=\"async\" loading=\"lazy\" class=\"aligncenter size-medium wp-image-1434\" src=\"https:\/\/democraciaactiva.eu\/wp-content\/uploads\/2017\/10\/Policia-Local-Bloqueado-300x183.jpg\" alt=\"\" width=\"300\" height=\"183\" \/><\/a><\/p>\n<p style=\"text-align: justify;\">Por su parte, el perfil oficial de Twitter de la Polic\u00eda Local en San Roque tambi\u00e9n ha bloqueado a la Asociaci\u00f3n Defensa Ciudadana Activa sin m\u00e1s explicaciones. \u00abEst\u00e1 claro que<strong> asistimos a una continuaci\u00f3n de los medios de propaganda municipal, utilizando para ello los s\u00edmbolos municipales<\/strong>. No es de recibo que <strong>los ciudadanos sean discriminados en las administraciones p\u00fablicas en funci\u00f3n del n\u00famero de aplausos o cr\u00edticas que realicen<\/strong>.\u00bb, finalizaron.<\/p>\n","protected":false},"excerpt":{"rendered":"<div class=\"mh-excerpt\"><p>Desde la Asociaci\u00f3n Defensa Ciudadana Activa se ha criticado la actitud demostrada en el perfil oficial de la Polic\u00eda Local de San Roque en redes <a class=\"mh-excerpt-more\" href=\"https:\/\/democraciaactiva.eu\/?p=1426\" title=\"La Polic\u00eda Local de San Roque censura a DCA en sus redes sociales\">[&#8230;]<\/a><\/p>\n<\/div>","protected":false},"author":1,"featured_media":1427,"comment_status":"closed","ping_status":"open","sticky":false,"template":"","format":"standard","meta":[],"categories":[5,6,8,13],"tags":[],"_links":{"self":[{"href":"https:\/\/democraciaactiva.eu\/index.php?rest_route=\/wp\/v2\/posts\/1426"}],"collection":[{"href":"https:\/\/democraciaactiva.eu\/index.php?rest_route=\/wp\/v2\/posts"}],"about":[{"href":"https:\/\/democraciaactiva.eu\/index.php?rest_route=\/wp\/v2\/types\/post"}],"author":[{"embeddable":true,"href":"https:\/\/democraciaactiva.eu\/index.php?rest_route=\/wp\/v2\/users\/1"}],"replies":[{"embeddable":true,"href":"https:\/\/democraciaactiva.eu\/index.php?rest_route=%2Fwp%2Fv2%2Fcomments&post=1426"}],"version-history":[{"count":0,"href":"https:\/\/democraciaactiva.eu\/index.php?rest_route=\/wp\/v2\/posts\/1426\/revisions"}],"wp:featuredmedia":[{"embeddable":true,"href":"https:\/\/democraciaactiva.eu\/index.php?rest_route=\/"}],"wp:attachment":[{"href":"https:\/\/democraciaactiva.eu\/index.php?rest_route=%2Fwp%2Fv2%2Fmedia&parent=1426"}],"wp:term":[{"taxonomy":"category","embeddable":true,"href":"https:\/\/democraciaactiva.eu\/index.php?rest_route=%2Fwp%2Fv2%2Fcategories&post=1426"},{"taxonomy":"post_tag","embeddable":true,"href":"https:\/\/democraciaactiva.eu\/index.php?rest_route=%2Fwp%2Fv2%2Ftags&post=1426"}],"curies":[{"name":"wp","href":"https:\/\/api.w.org\/{rel}","templated":true}]}}